{"id":9808,"date":"2022-03-04T15:09:36","date_gmt":"2022-03-04T14:09:36","guid":{"rendered":"https:\/\/www.alpin-massivholz.ch\/?p=9808"},"modified":"2022-03-04T15:09:38","modified_gmt":"2022-03-04T14:09:38","slug":"alpin-verum-mineralische-beschichtung-fr","status":"publish","type":"post","link":"https:\/\/www.alpin-massivholz.ch\/fr\/alpin-verum-mineralische-beschichtung-fr\/","title":{"rendered":"ALPIN VERUM &#8211; mineralische Beschichtung FR"},"content":{"rendered":"\n<h4 class=\"wp-block-heading\"><strong>Farbige Beschichtung auf der Basis von Naturbaustoffen<\/strong><\/h4>\n\n\n\n<p>Mit ALPIN VERUM bieten wir ein System an, das ein breites Spektrum von Gestaltungsm\u00f6glichkeiten erm\u00f6glicht und das Holz nachhaltig vor UV-bedingter Holzverwitterung  sch\u00fctzt. Die Lebensdauer der Fassade ist markant h\u00f6her als bei herk\u00f6mmlichen Holzbeschichtungen.&nbsp;<\/p>\n\n\n\n<figure class=\"wp-block-image\"><img loading=\"lazy\" decoding=\"async\" width=\"1005\" height=\"883\" src=\"https:\/\/www.alpin-massivholz.ch\/wp-content\/uploads\/2019\/07\/ALPIN-VERUM-Deckleisten-braun-mit-Detail.jpg\" alt=\"\" class=\"wp-image-2099\" srcset=\"https:\/\/www.alpin-massivholz.ch\/wp-content\/uploads\/2019\/07\/ALPIN-VERUM-Deckleisten-braun-mit-Detail.jpg 1005w, https:\/\/www.alpin-massivholz.ch\/wp-content\/uploads\/2019\/07\/ALPIN-VERUM-Deckleisten-braun-mit-Detail-300x264.jpg 300w, https:\/\/www.alpin-massivholz.ch\/wp-content\/uploads\/2019\/07\/ALPIN-VERUM-Deckleisten-braun-mit-Detail-768x675.jpg 768w, https:\/\/www.alpin-massivholz.ch\/wp-content\/uploads\/2019\/07\/ALPIN-VERUM-Deckleisten-braun-mit-Detail-600x527.jpg 600w\" sizes=\"auto, (max-width: 1005px) 100vw, 1005px\" \/><figcaption>Deckleisten-Schalung<\/figcaption><\/figure>\n\n\n\n<h4 class=\"wp-block-heading\"><strong>Die Farbwelt von VERUM mit dem Blick in alle Himmelsrichtungen<\/strong><\/h4>\n\n\n\n<p>Ausgehend von den Vollfarben k\u00f6nnen (fast) alle Farben im nat\u00fcrlichen Spektrum abgemischt werden. Wir haben &#8211; inspiriert vom Klima aller Himmelsrichtungen &#8211; unsere Lieblings-Nuancen erstellt. Tauchen Sie mit uns in die Farbwelt ein, wir freuen uns darauf.<\/p>\n\n\n\n<figure class=\"wp-block-image\"><img loading=\"lazy\" decoding=\"async\" width=\"785\" height=\"1024\" src=\"https:\/\/www.alpin-massivholz.ch\/wp-content\/uploads\/2019\/06\/ALPIN-VERUM-\u00dcbersicht-1-DE-785x1024.jpg\" alt=\"\" class=\"wp-image-1950\" srcset=\"https:\/\/www.alpin-massivholz.ch\/wp-content\/uploads\/2019\/06\/ALPIN-VERUM-\u00dcbersicht-1-DE-785x1024.jpg 785w, https:\/\/www.alpin-massivholz.ch\/wp-content\/uploads\/2019\/06\/ALPIN-VERUM-\u00dcbersicht-1-DE-230x300.jpg 230w, https:\/\/www.alpin-massivholz.ch\/wp-content\/uploads\/2019\/06\/ALPIN-VERUM-\u00dcbersicht-1-DE-768x1002.jpg 768w, https:\/\/www.alpin-massivholz.ch\/wp-content\/uploads\/2019\/06\/ALPIN-VERUM-\u00dcbersicht-1-DE-600x783.jpg 600w, https:\/\/www.alpin-massivholz.ch\/wp-content\/uploads\/2019\/06\/ALPIN-VERUM-\u00dcbersicht-1-DE.jpg 1568w\" sizes=\"auto, (max-width: 785px) 100vw, 785px\" \/><\/figure>\n\n\n\n<p><\/p>\n\n\n\n<p><\/p>\n","protected":false},"excerpt":{"rendered":"<p>Farbige Beschichtung auf der Basis von Naturbaustoffen Mit ALPIN VERUM bieten wir ein System an, das ein breites Spektrum von Gestaltungsm\u00f6glichkeiten erm\u00f6glicht und das Holz nachhaltig vor UV-bedingter Holzverwitterung sch\u00fctzt. Die Lebensdauer der Fassade ist markant h\u00f6her als bei herk\u00f6mmlichen Holzbeschichtungen.&nbsp; Die Farbwelt von VERUM mit dem Blick in alle Himmelsrichtungen Ausgehend von den Vollfarben &#8230; <a title=\"ALPIN VERUM &#8211; mineralische Beschichtung FR\" class=\"read-more\" href=\"https:\/\/www.alpin-massivholz.ch\/fr\/alpin-verum-mineralische-beschichtung-fr\/\" aria-label=\"En savoir plus sur ALPIN VERUM &#8211; mineralische Beschichtung FR\">Read more<\/a><\/p>\n","protected":false},"author":3,"featured_media":281,"comment_status":"closed","ping_status":"closed","sticky":false,"template":"","format":"standard","meta":{"footnotes":""},"categories":[42],"tags":[],"class_list":["post-9808","post","type-post","status-publish","format-standard","has-post-thumbnail","hentry","category-holzsplitter-fr","infinite-scroll-item"],"_links":{"self":[{"href":"https:\/\/www.alpin-massivholz.ch\/fr\/wp-json\/wp\/v2\/posts\/9808","targetHints":{"allow":["GET"]}}],"collection":[{"href":"https:\/\/www.alpin-massivholz.ch\/fr\/wp-json\/wp\/v2\/posts"}],"about":[{"href":"https:\/\/www.alpin-massivholz.ch\/fr\/wp-json\/wp\/v2\/types\/post"}],"author":[{"embeddable":true,"href":"https:\/\/www.alpin-massivholz.ch\/fr\/wp-json\/wp\/v2\/users\/3"}],"replies":[{"embeddable":true,"href":"https:\/\/www.alpin-massivholz.ch\/fr\/wp-json\/wp\/v2\/comments?post=9808"}],"version-history":[{"count":1,"href":"https:\/\/www.alpin-massivholz.ch\/fr\/wp-json\/wp\/v2\/posts\/9808\/revisions"}],"predecessor-version":[{"id":9809,"href":"https:\/\/www.alpin-massivholz.ch\/fr\/wp-json\/wp\/v2\/posts\/9808\/revisions\/9809"}],"wp:featuredmedia":[{"embeddable":true,"href":"https:\/\/www.alpin-massivholz.ch\/fr\/wp-json\/wp\/v2\/media\/281"}],"wp:attachment":[{"href":"https:\/\/www.alpin-massivholz.ch\/fr\/wp-json\/wp\/v2\/media?parent=9808"}],"wp:term":[{"taxonomy":"category","embeddable":true,"href":"https:\/\/www.alpin-massivholz.ch\/fr\/wp-json\/wp\/v2\/categories?post=9808"},{"taxonomy":"post_tag","embeddable":true,"href":"https:\/\/www.alpin-massivholz.ch\/fr\/wp-json\/wp\/v2\/tags?post=9808"}],"curies":[{"name":"wp","href":"https:\/\/api.w.org\/{rel}","templated":true}]}}