{"id":9806,"date":"2022-03-04T15:07:27","date_gmt":"2022-03-04T14:07:27","guid":{"rendered":"https:\/\/www.alpin-massivholz.ch\/?p=9806"},"modified":"2022-03-04T15:07:29","modified_gmt":"2022-03-04T14:07:29","slug":"profile-von-hobelwaren-fr","status":"publish","type":"post","link":"https:\/\/www.alpin-massivholz.ch\/fr\/profile-von-hobelwaren-fr\/","title":{"rendered":"Profile von Hobelwaren FR"},"content":{"rendered":"\n<h3 class=\"wp-block-heading\">\u00dcbersicht \u00fcber die \u00fcblichen Profile und deren Anwendungsgebiete<\/h3>\n\n\n\n<p>Die Auswahl des Profils richtete sich nach:<\/p>\n\n\n\n<ul class=\"wp-block-list\"><li>Der Nutzung (Fassade, T\u00e4fer, Vordach, Bodenbelag, Terrasse)<\/li><li>Der gew\u00fcnschten optischen Gestaltung<\/li><li>Der zu erwatenden Belastung (Bewitterung, Klima, Nutzung)<\/li><li>Der Art Montage (horizontal, vertikal, sichtbar oder verdeckt befestigt)<\/li><li>Den Anforderungen f\u00fcr die Behandlung\/Beschichtung (Runde Kanten)<\/li><li>Den verf\u00fcgbaren Werkzeugen (Profilfr\u00e4ser f\u00fcr Hobelautomaten)<\/li><\/ul>\n\n\n\n<figure class=\"wp-block-gallery has-nested-images columns-default is-cropped wp-block-gallery-1 is-layout-flex wp-block-gallery-is-layout-flex\">\n<figure class=\"wp-block-image size-large\"><img loading=\"lazy\" decoding=\"async\" width=\"724\" height=\"1024\" data-id=\"1842\" src=\"https:\/\/www.alpin-massivholz.ch\/wp-content\/uploads\/2019\/06\/Alpin-Profile-01-724x1024.jpg\" alt=\"\" class=\"wp-image-1842\" srcset=\"https:\/\/www.alpin-massivholz.ch\/wp-content\/uploads\/2019\/06\/Alpin-Profile-01-724x1024.jpg 724w, https:\/\/www.alpin-massivholz.ch\/wp-content\/uploads\/2019\/06\/Alpin-Profile-01-212x300.jpg 212w, https:\/\/www.alpin-massivholz.ch\/wp-content\/uploads\/2019\/06\/Alpin-Profile-01-768x1086.jpg 768w, https:\/\/www.alpin-massivholz.ch\/wp-content\/uploads\/2019\/06\/Alpin-Profile-01-600x849.jpg 600w\" sizes=\"auto, (max-width: 724px) 100vw, 724px\" \/><\/figure>\n\n\n\n<figure class=\"wp-block-image size-large\"><img loading=\"lazy\" decoding=\"async\" width=\"724\" height=\"1024\" data-id=\"1846\" src=\"https:\/\/www.alpin-massivholz.ch\/wp-content\/uploads\/2019\/06\/Alpin-Profile-02-1-724x1024.jpg\" alt=\"\" class=\"wp-image-1846\" srcset=\"https:\/\/www.alpin-massivholz.ch\/wp-content\/uploads\/2019\/06\/Alpin-Profile-02-1-724x1024.jpg 724w, https:\/\/www.alpin-massivholz.ch\/wp-content\/uploads\/2019\/06\/Alpin-Profile-02-1-212x300.jpg 212w, https:\/\/www.alpin-massivholz.ch\/wp-content\/uploads\/2019\/06\/Alpin-Profile-02-1-768x1086.jpg 768w, https:\/\/www.alpin-massivholz.ch\/wp-content\/uploads\/2019\/06\/Alpin-Profile-02-1-600x849.jpg 600w\" sizes=\"auto, (max-width: 724px) 100vw, 724px\" \/><\/figure>\n\n\n\n<figure class=\"wp-block-image size-large\"><img loading=\"lazy\" decoding=\"async\" width=\"724\" height=\"1024\" data-id=\"1848\" src=\"https:\/\/www.alpin-massivholz.ch\/wp-content\/uploads\/2019\/06\/Profile-Terraase-DE-FR-724x1024.jpg\" alt=\"\" class=\"wp-image-1848\" srcset=\"https:\/\/www.alpin-massivholz.ch\/wp-content\/uploads\/2019\/06\/Profile-Terraase-DE-FR-724x1024.jpg 724w, https:\/\/www.alpin-massivholz.ch\/wp-content\/uploads\/2019\/06\/Profile-Terraase-DE-FR-212x300.jpg 212w, https:\/\/www.alpin-massivholz.ch\/wp-content\/uploads\/2019\/06\/Profile-Terraase-DE-FR-768x1086.jpg 768w, https:\/\/www.alpin-massivholz.ch\/wp-content\/uploads\/2019\/06\/Profile-Terraase-DE-FR-600x849.jpg 600w\" sizes=\"auto, (max-width: 724px) 100vw, 724px\" \/><\/figure>\n<\/figure>\n\n\n\n<h3 class=\"wp-block-heading\">Profile f\u00fcr Holzfassaden<\/h3>\n\n\n\n<h4 class=\"wp-block-heading\"><strong>Schattennutprofil mit Nut\/Kamm<\/strong><\/h4>\n\n\n\n<figure class=\"wp-block-image\"><img loading=\"lazy\" decoding=\"async\" width=\"1024\" height=\"109\" src=\"https:\/\/www.alpin-massivholz.ch\/wp-content\/uploads\/2019\/06\/Alpin-Profile-Schattennut-DE-1024x109.jpg\" alt=\"\" class=\"wp-image-1850\" srcset=\"https:\/\/www.alpin-massivholz.ch\/wp-content\/uploads\/2019\/06\/Alpin-Profile-Schattennut-DE-1024x109.jpg 1024w, https:\/\/www.alpin-massivholz.ch\/wp-content\/uploads\/2019\/06\/Alpin-Profile-Schattennut-DE-300x32.jpg 300w, https:\/\/www.alpin-massivholz.ch\/wp-content\/uploads\/2019\/06\/Alpin-Profile-Schattennut-DE-768x82.jpg 768w, https:\/\/www.alpin-massivholz.ch\/wp-content\/uploads\/2019\/06\/Alpin-Profile-Schattennut-DE-600x64.jpg 600w\" sizes=\"auto, (max-width: 1024px) 100vw, 1024px\" \/><\/figure>\n\n\n\n<p>Schattennutprofile werden oft vertikal montiert, sie haben keinen \u00dcberstand* (s. Glossar unten) und die Breite der Nut kann variiert werden. Die Tiefenwirkung durch den Schattenwurf in der Nute wird nat\u00fcrlich durch die Breite der Nut und Tiefe (in Abh\u00e4ngigkeit der Dicke) beeinflusst.<\/p>\n\n\n\n<p>Scharfkantige Ausf\u00fchrungen sind bei naturbelassenen und nicht schichtbildenen Behandlungen (wie ALPIN OPERA) Schalungen m\u00f6glich.<\/p>\n\n\n\n<h4 class=\"wp-block-heading\"><strong>VARIO-Profile mit Nut\/Kamm<\/strong><\/h4>\n\n\n\n<figure class=\"wp-block-image\"><img loading=\"lazy\" decoding=\"async\" width=\"1024\" height=\"119\" src=\"https:\/\/www.alpin-massivholz.ch\/wp-content\/uploads\/2019\/06\/Varo-Zeichnung-1024x119.jpg\" alt=\"\" class=\"wp-image-1818\" srcset=\"https:\/\/www.alpin-massivholz.ch\/wp-content\/uploads\/2019\/06\/Varo-Zeichnung-1024x119.jpg 1024w, https:\/\/www.alpin-massivholz.ch\/wp-content\/uploads\/2019\/06\/Varo-Zeichnung-300x35.jpg 300w, https:\/\/www.alpin-massivholz.ch\/wp-content\/uploads\/2019\/06\/Varo-Zeichnung-768x90.jpg 768w, https:\/\/www.alpin-massivholz.ch\/wp-content\/uploads\/2019\/06\/Varo-Zeichnung-600x70.jpg 600w, https:\/\/www.alpin-massivholz.ch\/wp-content\/uploads\/2019\/06\/Varo-Zeichnung.jpg 1244w\" sizes=\"auto, (max-width: 1024px) 100vw, 1024px\" \/><\/figure>\n\n\n\n<p>ALPIN VARIO ist ein System f\u00fcr die anspruchsvolle Gestaltung von Holzfassaden. Technisch gesehen sind es abgestimmte Kombinationen von Schattennutprofilen.<\/p>\n\n\n\n<p>Weitere Informationen finden Sie auf der <a href=\"https:\/\/www.alpin-massivholz.ch\/alpin-vario-schalung\/\">Seite VARIO-Profile<\/a>.<\/p>\n\n\n\n<h4 class=\"wp-block-heading\"><strong>Breitfasprofil mit Nut\/Kamm <\/strong><\/h4>\n\n\n\n<figure class=\"wp-block-image\"><img loading=\"lazy\" decoding=\"async\" width=\"1024\" height=\"111\" src=\"https:\/\/www.alpin-massivholz.ch\/wp-content\/uploads\/2019\/06\/Alpin-Profile-Breitfas-DE-1024x111.jpg\" alt=\"\" class=\"wp-image-1869\" srcset=\"https:\/\/www.alpin-massivholz.ch\/wp-content\/uploads\/2019\/06\/Alpin-Profile-Breitfas-DE-1024x111.jpg 1024w, https:\/\/www.alpin-massivholz.ch\/wp-content\/uploads\/2019\/06\/Alpin-Profile-Breitfas-DE-300x32.jpg 300w, https:\/\/www.alpin-massivholz.ch\/wp-content\/uploads\/2019\/06\/Alpin-Profile-Breitfas-DE-768x83.jpg 768w, https:\/\/www.alpin-massivholz.ch\/wp-content\/uploads\/2019\/06\/Alpin-Profile-Breitfas-DE-600x65.jpg 600w\" sizes=\"auto, (max-width: 1024px) 100vw, 1024px\" \/><\/figure>\n\n\n\n<p>Das Breitfasprofil ist eine Variante des Schattennutprofils mit geneigten Flanken (von 15 oder 30\u00b0). Man hat durch diese Neigung mehr Lichteinfall in der Nute und die Fl\u00e4che wirkt dadurch fl\u00e4chiger und weniger strukturiert. Breitfasprofile sind optimaler f\u00fcr Beschichtungen, weil die Neigung den Auftrag der Farbe beg\u00fcnstigt.<\/p>\n\n\n\n<h4 class=\"wp-block-heading\"><strong>Rhombus-Profile<\/strong><\/h4>\n\n\n\n<figure class=\"wp-block-image\"><img loading=\"lazy\" decoding=\"async\" width=\"1024\" height=\"110\" src=\"https:\/\/www.alpin-massivholz.ch\/wp-content\/uploads\/2019\/06\/Alpin-Profile-Rhombusprofil-NK-20mm-DE-1024x110.jpg\" alt=\"\" class=\"wp-image-1852\" srcset=\"https:\/\/www.alpin-massivholz.ch\/wp-content\/uploads\/2019\/06\/Alpin-Profile-Rhombusprofil-NK-20mm-DE-1024x110.jpg 1024w, https:\/\/www.alpin-massivholz.ch\/wp-content\/uploads\/2019\/06\/Alpin-Profile-Rhombusprofil-NK-20mm-DE-300x32.jpg 300w, https:\/\/www.alpin-massivholz.ch\/wp-content\/uploads\/2019\/06\/Alpin-Profile-Rhombusprofil-NK-20mm-DE-768x83.jpg 768w, https:\/\/www.alpin-massivholz.ch\/wp-content\/uploads\/2019\/06\/Alpin-Profile-Rhombusprofil-NK-20mm-DE-600x65.jpg 600w\" sizes=\"auto, (max-width: 1024px) 100vw, 1024px\" \/><\/figure>\n\n\n\n<figure class=\"wp-block-image\"><img loading=\"lazy\" decoding=\"async\" width=\"1024\" height=\"134\" src=\"https:\/\/www.alpin-massivholz.ch\/wp-content\/uploads\/2019\/06\/Alpin-Profile-Rhombusprofil-NK-26mm-DE-1024x134.jpg\" alt=\"\" class=\"wp-image-1854\" srcset=\"https:\/\/www.alpin-massivholz.ch\/wp-content\/uploads\/2019\/06\/Alpin-Profile-Rhombusprofil-NK-26mm-DE-1024x134.jpg 1024w, https:\/\/www.alpin-massivholz.ch\/wp-content\/uploads\/2019\/06\/Alpin-Profile-Rhombusprofil-NK-26mm-DE-300x39.jpg 300w, https:\/\/www.alpin-massivholz.ch\/wp-content\/uploads\/2019\/06\/Alpin-Profile-Rhombusprofil-NK-26mm-DE-768x100.jpg 768w, https:\/\/www.alpin-massivholz.ch\/wp-content\/uploads\/2019\/06\/Alpin-Profile-Rhombusprofil-NK-26mm-DE-600x78.jpg 600w\" sizes=\"auto, (max-width: 1024px) 100vw, 1024px\" \/><\/figure>\n\n\n\n<figure class=\"wp-block-image\"><img loading=\"lazy\" decoding=\"async\" width=\"1024\" height=\"105\" src=\"https:\/\/www.alpin-massivholz.ch\/wp-content\/uploads\/2019\/06\/Alpin-Profile-Rhombusprofil-offen-DE-1024x105.jpg\" alt=\"\" class=\"wp-image-1856\" srcset=\"https:\/\/www.alpin-massivholz.ch\/wp-content\/uploads\/2019\/06\/Alpin-Profile-Rhombusprofil-offen-DE-1024x105.jpg 1024w, https:\/\/www.alpin-massivholz.ch\/wp-content\/uploads\/2019\/06\/Alpin-Profile-Rhombusprofil-offen-DE-300x31.jpg 300w, https:\/\/www.alpin-massivholz.ch\/wp-content\/uploads\/2019\/06\/Alpin-Profile-Rhombusprofil-offen-DE-768x79.jpg 768w, https:\/\/www.alpin-massivholz.ch\/wp-content\/uploads\/2019\/06\/Alpin-Profile-Rhombusprofil-offen-DE-600x61.jpg 600w\" sizes=\"auto, (max-width: 1024px) 100vw, 1024px\" \/><\/figure>\n\n\n\n<p>Rhombus-Profile sind mit den Abschr\u00e4gungen (von min. 15\u00b0) f\u00fcr die horizontale Montage konzipiert. Die geneigte Fuge erleichtert den Abfluss des Wassers auf der Fassade. Auch hier gilt: Bei Beschichtungen m\u00fcssen die Kanten gerundet werden.<\/p>\n\n\n\n<p>Beachten Sie unsere Informationen zu <a href=\"https:\/\/www.alpin-massivholz.ch\/rhombus-profile-offen-oder-geschlossen\/\">offenen und geschlossenen Rhombus-Schalungen<\/a>.<\/p>\n\n\n\n<h4 class=\"wp-block-heading\"><strong>Glattkantbretter und Deckleisten-Schalungen<\/strong><\/h4>\n\n\n\n<figure class=\"wp-block-image\"><img loading=\"lazy\" decoding=\"async\" width=\"1024\" height=\"106\" src=\"https:\/\/www.alpin-massivholz.ch\/wp-content\/uploads\/2019\/06\/Alpin-Profile-Glattkantbrett-DE-1024x106.jpg\" alt=\"\" class=\"wp-image-1859\" srcset=\"https:\/\/www.alpin-massivholz.ch\/wp-content\/uploads\/2019\/06\/Alpin-Profile-Glattkantbrett-DE-1024x106.jpg 1024w, https:\/\/www.alpin-massivholz.ch\/wp-content\/uploads\/2019\/06\/Alpin-Profile-Glattkantbrett-DE-300x31.jpg 300w, https:\/\/www.alpin-massivholz.ch\/wp-content\/uploads\/2019\/06\/Alpin-Profile-Glattkantbrett-DE-768x80.jpg 768w, https:\/\/www.alpin-massivholz.ch\/wp-content\/uploads\/2019\/06\/Alpin-Profile-Glattkantbrett-DE-600x62.jpg 600w\" sizes=\"auto, (max-width: 1024px) 100vw, 1024px\" \/><\/figure>\n\n\n\n<figure class=\"wp-block-image\"><img loading=\"lazy\" decoding=\"async\" width=\"1024\" height=\"166\" src=\"https:\/\/www.alpin-massivholz.ch\/wp-content\/uploads\/2019\/06\/Deckleisten-Schalungen-1024x166.jpg\" alt=\"\" class=\"wp-image-1863\" srcset=\"https:\/\/www.alpin-massivholz.ch\/wp-content\/uploads\/2019\/06\/Deckleisten-Schalungen-1024x166.jpg 1024w, https:\/\/www.alpin-massivholz.ch\/wp-content\/uploads\/2019\/06\/Deckleisten-Schalungen-300x49.jpg 300w, https:\/\/www.alpin-massivholz.ch\/wp-content\/uploads\/2019\/06\/Deckleisten-Schalungen-768x125.jpg 768w, https:\/\/www.alpin-massivholz.ch\/wp-content\/uploads\/2019\/06\/Deckleisten-Schalungen-600x97.jpg 600w, https:\/\/www.alpin-massivholz.ch\/wp-content\/uploads\/2019\/06\/Deckleisten-Schalungen.jpg 1357w\" sizes=\"auto, (max-width: 1024px) 100vw, 1024px\" \/><\/figure>\n\n\n\n<p>Glattkant-Bretter sind ganz einfach ein- bis vierseitig gehobelte oder s\u00e4geraue parallele Bretter, die in verschiedenen Varianten montiert werden k\u00f6nnen. Vertikale offene Schalungen oder Varianten mit Deckleisten (auch konische oder profilierte), sowie Deckelschirm-Schalungen k\u00f6nnen erstellt werden.<\/p>\n\n\n\n<p>Eine interessante, historisch gesehen \u00fcbliche Variante sind Schalungen aus Glattkant-Brettern mit fallenden (verschiedenen, anfallenden) Breiten.<\/p>\n\n\n\n<h4 class=\"wp-block-heading\"><strong>Konische St\u00fclpschalungen<\/strong><\/h4>\n\n\n\n<figure class=\"wp-block-image\"><img loading=\"lazy\" decoding=\"async\" width=\"1024\" height=\"137\" src=\"https:\/\/www.alpin-massivholz.ch\/wp-content\/uploads\/2019\/06\/Alpin-Profile-konische-St\u00fclpschalung-gerundet-DE-1024x137.jpg\" alt=\"\" class=\"wp-image-1865\" srcset=\"https:\/\/www.alpin-massivholz.ch\/wp-content\/uploads\/2019\/06\/Alpin-Profile-konische-St\u00fclpschalung-gerundet-DE-1024x137.jpg 1024w, https:\/\/www.alpin-massivholz.ch\/wp-content\/uploads\/2019\/06\/Alpin-Profile-konische-St\u00fclpschalung-gerundet-DE-300x40.jpg 300w, https:\/\/www.alpin-massivholz.ch\/wp-content\/uploads\/2019\/06\/Alpin-Profile-konische-St\u00fclpschalung-gerundet-DE-768x103.jpg 768w, https:\/\/www.alpin-massivholz.ch\/wp-content\/uploads\/2019\/06\/Alpin-Profile-konische-St\u00fclpschalung-gerundet-DE-600x81.jpg 600w\" sizes=\"auto, (max-width: 1024px) 100vw, 1024px\" \/><\/figure>\n\n\n\n<figure class=\"wp-block-image\"><img loading=\"lazy\" decoding=\"async\" width=\"1024\" height=\"139\" src=\"https:\/\/www.alpin-massivholz.ch\/wp-content\/uploads\/2019\/06\/Alpin-Profile-konische-St\u00fclpschalung-gefast-DE-1024x139.jpg\" alt=\"\" class=\"wp-image-1867\" srcset=\"https:\/\/www.alpin-massivholz.ch\/wp-content\/uploads\/2019\/06\/Alpin-Profile-konische-St\u00fclpschalung-gefast-DE-1024x139.jpg 1024w, https:\/\/www.alpin-massivholz.ch\/wp-content\/uploads\/2019\/06\/Alpin-Profile-konische-St\u00fclpschalung-gefast-DE-300x41.jpg 300w, https:\/\/www.alpin-massivholz.ch\/wp-content\/uploads\/2019\/06\/Alpin-Profile-konische-St\u00fclpschalung-gefast-DE-768x104.jpg 768w, https:\/\/www.alpin-massivholz.ch\/wp-content\/uploads\/2019\/06\/Alpin-Profile-konische-St\u00fclpschalung-gefast-DE-600x81.jpg 600w\" sizes=\"auto, (max-width: 1024px) 100vw, 1024px\" \/><\/figure>\n\n\n\n<p>Konische St\u00fclpschalungen werden gefertigt indem breitere Rohlinge (Doppelst\u00e4rken) konisch aufgetrennt werden. Bei konischen Schalungen ist man auf Grund der etwas komplexeren Geometrie eher an Standard-Dimensionen und -Ausf\u00fchrungen gebunden. Diese Profile haben grunds\u00e4tzlich einen \u00dcberstand* und sind f\u00fcr die verdeckte (unsichtbare) Montage ausgelegt.<\/p>\n\n\n\n<div class=\"wp-block-image\"><figure class=\"alignleft is-resized\"><img loading=\"lazy\" decoding=\"async\" src=\"https:\/\/www.alpin-massivholz.ch\/wp-content\/uploads\/2019\/06\/Konische-St\u00fclpschalung-Varianten-2.jpg\" alt=\"\" class=\"wp-image-1873\" width=\"155\" height=\"228\" srcset=\"https:\/\/www.alpin-massivholz.ch\/wp-content\/uploads\/2019\/06\/Konische-St\u00fclpschalung-Varianten-2.jpg 620w, https:\/\/www.alpin-massivholz.ch\/wp-content\/uploads\/2019\/06\/Konische-St\u00fclpschalung-Varianten-2-204x300.jpg 204w, https:\/\/www.alpin-massivholz.ch\/wp-content\/uploads\/2019\/06\/Konische-St\u00fclpschalung-Varianten-2-600x882.jpg 600w\" sizes=\"auto, (max-width: 155px) 100vw, 155px\" \/><\/figure><\/div>\n\n\n\n<p>Die \u00ab\u00a0moderne\u00a0\u00bb Variante wird oben im d\u00fcnneren Bereich unter dem \u00dcberstand verdeckt montiert (1). Dazu haben einige Profile sogar eine Rille eingefr\u00e4st, die als Montagehilfe dient. Es hat sich gezeigt, dass gerade bei Fassaden mit grossen Klimaschwankungen bei dieser Montageart eher Sch\u00fcsselungen und Verwerfungen auftreten. Wir empfehlen oben eine Haftklammer zu verwenden und die Fassadenprofile im unteren (dickeren) Bereich sauber sichtbar zu verschrauben (2). Damit wird nat\u00fcrlich der Druck auf die d\u00fcnne Nut-\/Kamm-Verbindung reduziert. Gef\u00e4lzte konische St\u00fclpschalungen werden immer sichtbar befestigt (3).<\/p>\n\n\n\n<h4 class=\"wp-block-heading\"><strong>Wechselfalz-Profile<\/strong><\/h4>\n\n\n\n<figure class=\"wp-block-image\"><img loading=\"lazy\" decoding=\"async\" width=\"1024\" height=\"111\" src=\"https:\/\/www.alpin-massivholz.ch\/wp-content\/uploads\/2019\/06\/Alpin-Profile-Wechselfalz-gerade-DE-1024x111.jpg\" alt=\"\" class=\"wp-image-1875\" srcset=\"https:\/\/www.alpin-massivholz.ch\/wp-content\/uploads\/2019\/06\/Alpin-Profile-Wechselfalz-gerade-DE-1024x111.jpg 1024w, https:\/\/www.alpin-massivholz.ch\/wp-content\/uploads\/2019\/06\/Alpin-Profile-Wechselfalz-gerade-DE-300x33.jpg 300w, https:\/\/www.alpin-massivholz.ch\/wp-content\/uploads\/2019\/06\/Alpin-Profile-Wechselfalz-gerade-DE-768x83.jpg 768w, https:\/\/www.alpin-massivholz.ch\/wp-content\/uploads\/2019\/06\/Alpin-Profile-Wechselfalz-gerade-DE-600x65.jpg 600w\" sizes=\"auto, (max-width: 1024px) 100vw, 1024px\" \/><\/figure>\n\n\n\n<figure class=\"wp-block-image\"><img loading=\"lazy\" decoding=\"async\" width=\"1024\" height=\"106\" src=\"https:\/\/www.alpin-massivholz.ch\/wp-content\/uploads\/2019\/06\/Alpin-Profile-Wechselfalz-Breitfas-DE-1024x106.jpg\" alt=\"\" class=\"wp-image-1877\" srcset=\"https:\/\/www.alpin-massivholz.ch\/wp-content\/uploads\/2019\/06\/Alpin-Profile-Wechselfalz-Breitfas-DE-1024x106.jpg 1024w, https:\/\/www.alpin-massivholz.ch\/wp-content\/uploads\/2019\/06\/Alpin-Profile-Wechselfalz-Breitfas-DE-300x31.jpg 300w, https:\/\/www.alpin-massivholz.ch\/wp-content\/uploads\/2019\/06\/Alpin-Profile-Wechselfalz-Breitfas-DE-768x79.jpg 768w, https:\/\/www.alpin-massivholz.ch\/wp-content\/uploads\/2019\/06\/Alpin-Profile-Wechselfalz-Breitfas-DE-600x62.jpg 600w\" sizes=\"auto, (max-width: 1024px) 100vw, 1024px\" \/><\/figure>\n\n\n\n<figure class=\"wp-block-image\"><img loading=\"lazy\" decoding=\"async\" width=\"1024\" height=\"107\" src=\"https:\/\/www.alpin-massivholz.ch\/wp-content\/uploads\/2019\/06\/Alpin-Profile-Wechselfalz-Rhombus-DE-1024x107.jpg\" alt=\"\" class=\"wp-image-1879\" srcset=\"https:\/\/www.alpin-massivholz.ch\/wp-content\/uploads\/2019\/06\/Alpin-Profile-Wechselfalz-Rhombus-DE-1024x107.jpg 1024w, https:\/\/www.alpin-massivholz.ch\/wp-content\/uploads\/2019\/06\/Alpin-Profile-Wechselfalz-Rhombus-DE-300x31.jpg 300w, https:\/\/www.alpin-massivholz.ch\/wp-content\/uploads\/2019\/06\/Alpin-Profile-Wechselfalz-Rhombus-DE-768x81.jpg 768w, https:\/\/www.alpin-massivholz.ch\/wp-content\/uploads\/2019\/06\/Alpin-Profile-Wechselfalz-Rhombus-DE-600x63.jpg 600w\" sizes=\"auto, (max-width: 1024px) 100vw, 1024px\" \/><\/figure>\n\n\n\n<p>Wechselfalz-Profile wurden historisch gesehen gefertigt, weil die Herstellung von einem Falz von Hand oder mit einfachen Kreiss\u00e4gen \u00fcberhaupt zu bewerkstelligen war. Nat\u00fcrlich k\u00f6nnen auch auf modernen Maschinen Falzprofile gefr\u00e4st werden. Die Nut ist nat\u00fcrlich bei gleicher Dicke tiefer (1\/2 Brettdicke), diese Profile m\u00fcssen naturgem\u00e4ss sichtbar befestigt werden.<\/p>\n\n\n\n<h4 class=\"wp-block-heading\"><strong>Fas- und Bodenprofile<\/strong><\/h4>\n\n\n\n<figure class=\"wp-block-gallery has-nested-images columns-default is-cropped wp-block-gallery-2 is-layout-flex wp-block-gallery-is-layout-flex\">\n<figure class=\"wp-block-image size-large\"><img loading=\"lazy\" decoding=\"async\" width=\"1024\" height=\"107\" data-id=\"1881\" src=\"https:\/\/www.alpin-massivholz.ch\/wp-content\/uploads\/2019\/06\/Alpin-Profile-Fasprofil-DE-1024x107.jpg\" alt=\"\" class=\"wp-image-1881\" srcset=\"https:\/\/www.alpin-massivholz.ch\/wp-content\/uploads\/2019\/06\/Alpin-Profile-Fasprofil-DE-1024x107.jpg 1024w, https:\/\/www.alpin-massivholz.ch\/wp-content\/uploads\/2019\/06\/Alpin-Profile-Fasprofil-DE-300x31.jpg 300w, https:\/\/www.alpin-massivholz.ch\/wp-content\/uploads\/2019\/06\/Alpin-Profile-Fasprofil-DE-768x80.jpg 768w, https:\/\/www.alpin-massivholz.ch\/wp-content\/uploads\/2019\/06\/Alpin-Profile-Fasprofil-DE-600x63.jpg 600w\" sizes=\"auto, (max-width: 1024px) 100vw, 1024px\" \/><\/figure>\n\n\n\n<figure class=\"wp-block-image size-large\"><img loading=\"lazy\" decoding=\"async\" width=\"1024\" height=\"118\" data-id=\"1885\" src=\"https:\/\/www.alpin-massivholz.ch\/wp-content\/uploads\/2019\/06\/Alpin-Profile-Bodenriemen-DE-1-1024x118.jpg\" alt=\"\" class=\"wp-image-1885\" srcset=\"https:\/\/www.alpin-massivholz.ch\/wp-content\/uploads\/2019\/06\/Alpin-Profile-Bodenriemen-DE-1-1024x118.jpg 1024w, https:\/\/www.alpin-massivholz.ch\/wp-content\/uploads\/2019\/06\/Alpin-Profile-Bodenriemen-DE-1-300x35.jpg 300w, https:\/\/www.alpin-massivholz.ch\/wp-content\/uploads\/2019\/06\/Alpin-Profile-Bodenriemen-DE-1-768x88.jpg 768w, https:\/\/www.alpin-massivholz.ch\/wp-content\/uploads\/2019\/06\/Alpin-Profile-Bodenriemen-DE-1-600x69.jpg 600w\" sizes=\"auto, (max-width: 1024px) 100vw, 1024px\" \/><\/figure>\n<\/figure>\n\n\n\n<p>Diese Profile sind f\u00fcr den Einsatz als Fassadenschalungen nur bedingt geeignet. Bitte beachten Sie auch unsere <a href=\"https:\/\/www.alpin-massivholz.ch\/fugenfreie-profile-an-fassaden\/\">Information zu geschlossenen Schalungen<\/a>.<\/p>\n\n\n\n<h4 class=\"wp-block-heading\"><strong>Chaletschalung-Profile<\/strong><\/h4>\n\n\n\n<figure class=\"wp-block-image\"><img loading=\"lazy\" decoding=\"async\" width=\"1024\" height=\"112\" src=\"https:\/\/www.alpin-massivholz.ch\/wp-content\/uploads\/2019\/06\/Alpin-Profile-Chaletschalung-gerundet-DE-1024x112.jpg\" alt=\"\" class=\"wp-image-1909\" srcset=\"https:\/\/www.alpin-massivholz.ch\/wp-content\/uploads\/2019\/06\/Alpin-Profile-Chaletschalung-gerundet-DE-1024x112.jpg 1024w, https:\/\/www.alpin-massivholz.ch\/wp-content\/uploads\/2019\/06\/Alpin-Profile-Chaletschalung-gerundet-DE-300x33.jpg 300w, https:\/\/www.alpin-massivholz.ch\/wp-content\/uploads\/2019\/06\/Alpin-Profile-Chaletschalung-gerundet-DE-768x84.jpg 768w, https:\/\/www.alpin-massivholz.ch\/wp-content\/uploads\/2019\/06\/Alpin-Profile-Chaletschalung-gerundet-DE-600x65.jpg 600w\" sizes=\"auto, (max-width: 1024px) 100vw, 1024px\" \/><\/figure>\n\n\n\n<figure class=\"wp-block-image\"><img loading=\"lazy\" decoding=\"async\" width=\"1024\" height=\"110\" src=\"https:\/\/www.alpin-massivholz.ch\/wp-content\/uploads\/2019\/06\/Alpin-Profile-Chaletschalung-gerade-DE-1024x110.jpg\" alt=\"\" class=\"wp-image-1907\" srcset=\"https:\/\/www.alpin-massivholz.ch\/wp-content\/uploads\/2019\/06\/Alpin-Profile-Chaletschalung-gerade-DE-1024x110.jpg 1024w, https:\/\/www.alpin-massivholz.ch\/wp-content\/uploads\/2019\/06\/Alpin-Profile-Chaletschalung-gerade-DE-300x32.jpg 300w, https:\/\/www.alpin-massivholz.ch\/wp-content\/uploads\/2019\/06\/Alpin-Profile-Chaletschalung-gerade-DE-768x83.jpg 768w, https:\/\/www.alpin-massivholz.ch\/wp-content\/uploads\/2019\/06\/Alpin-Profile-Chaletschalung-gerade-DE-600x65.jpg 600w\" sizes=\"auto, (max-width: 1024px) 100vw, 1024px\" \/><\/figure>\n\n\n\n<p>Strukturiert, f\u00fcr die horizontale Montage konzipierte Profile mit verschiedenen Ausfr\u00e4sungen werden \u00ab\u00a0Chaletschalung\u00a0\u00bb genannt. Das ist vielleicht etwas irref\u00fchrend, weil solche Profile je nach Ausf\u00fchrung, Holzart und Oberfl\u00e4che nicht unbedingt einen Chalet-Charakter ergeben.<\/p>\n\n\n\n<h3 class=\"wp-block-heading\">Terrassen-Profile<\/h3>\n\n\n\n<h4 class=\"wp-block-heading\"><strong>Optimale Standard-Profile<\/strong><\/h4>\n\n\n\n<figure class=\"wp-block-image\"><img loading=\"lazy\" decoding=\"async\" width=\"1024\" height=\"441\" src=\"https:\/\/www.alpin-massivholz.ch\/wp-content\/uploads\/2019\/06\/ALPIN-Profile-Terrasse-optimal-DE-FR-1024x441.jpg\" alt=\"\" class=\"wp-image-1889\" srcset=\"https:\/\/www.alpin-massivholz.ch\/wp-content\/uploads\/2019\/06\/ALPIN-Profile-Terrasse-optimal-DE-FR-1024x441.jpg 1024w, https:\/\/www.alpin-massivholz.ch\/wp-content\/uploads\/2019\/06\/ALPIN-Profile-Terrasse-optimal-DE-FR-300x129.jpg 300w, https:\/\/www.alpin-massivholz.ch\/wp-content\/uploads\/2019\/06\/ALPIN-Profile-Terrasse-optimal-DE-FR-768x331.jpg 768w, https:\/\/www.alpin-massivholz.ch\/wp-content\/uploads\/2019\/06\/ALPIN-Profile-Terrasse-optimal-DE-FR-600x258.jpg 600w, https:\/\/www.alpin-massivholz.ch\/wp-content\/uploads\/2019\/06\/ALPIN-Profile-Terrasse-optimal-DE-FR.jpg 1147w\" sizes=\"auto, (max-width: 1024px) 100vw, 1024px\" \/><\/figure>\n\n\n\n<p>Diese zwei Varianten ohne Rillen oder Einfr\u00e4sungen haben sich erfahrungsgem\u00e4ss am besten bew\u00e4hrt, wobei \u00ab\u00a0Glatt gehobelt\u00a0\u00bb bei unseren Terrassen System ALPIN nicht ganz richtig ist. Unsere \u00ab\u00a0glatte\u00a0\u00bb Oberfl\u00e4che ist ges\u00e4gt und nachbehandelt. Die Nute dient zur Aufnahme von Befestigungsmittel zur verdeckten Montage.<\/p>\n\n\n\n<p>Informationen zu Terrassen-Produkten finden Sie <a href=\"https:\/\/www.alpin-massivholz.ch\/holzterrassen\/\">hier auf der Seite<\/a>.<\/p>\n\n\n\n<h4 class=\"wp-block-heading\"><strong>Erh\u00e4ltliche Varianten von Terrasen-Profilen<\/strong><\/h4>\n\n\n\n<div class=\"wp-block-image\"><figure class=\"alignleft is-resized\"><img loading=\"lazy\" decoding=\"async\" src=\"https:\/\/www.alpin-massivholz.ch\/wp-content\/uploads\/2019\/06\/Profile-Terraase-DE-FR-1-724x1024.jpg\" alt=\"\" class=\"wp-image-1887\" width=\"362\" height=\"512\" srcset=\"https:\/\/www.alpin-massivholz.ch\/wp-content\/uploads\/2019\/06\/Profile-Terraase-DE-FR-1-724x1024.jpg 724w, https:\/\/www.alpin-massivholz.ch\/wp-content\/uploads\/2019\/06\/Profile-Terraase-DE-FR-1-212x300.jpg 212w, https:\/\/www.alpin-massivholz.ch\/wp-content\/uploads\/2019\/06\/Profile-Terraase-DE-FR-1-768x1086.jpg 768w, https:\/\/www.alpin-massivholz.ch\/wp-content\/uploads\/2019\/06\/Profile-Terraase-DE-FR-1-600x849.jpg 600w\" sizes=\"auto, (max-width: 362px) 100vw, 362px\" \/><\/figure><\/div>\n\n\n\n<p>Gerillte Terassendielen sind aus der Idee entstanden, dass man eine rutschfestere Oberfl\u00e4che erzeugen wollte, weil nasses Holz rutschig sein kann.<\/p>\n\n\n\n<p>Es hat sich jedoch erwiesen, dass durch die dauernde Anfeuchtung der Oberfl\u00e4che durch Verschmutzungen in den Rillen  die Dielen viel eher reissen und verfaulen und damit die Lebensdauer sinkt.<\/p>\n\n\n\n<p>Gerillte Terrassen-Dielen sind heute eher ein Baumarkt-Produkt geworden.<\/p>\n\n\n\n<h3 class=\"wp-block-heading\">Vordachschalung<\/h3>\n\n\n\n<figure class=\"wp-block-image\"><img loading=\"lazy\" decoding=\"async\" width=\"995\" height=\"102\" src=\"https:\/\/www.alpin-massivholz.ch\/wp-content\/uploads\/2019\/06\/Alpin-Profile-Breitfas-415-DE.jpg\" alt=\"\" class=\"wp-image-1905\" srcset=\"https:\/\/www.alpin-massivholz.ch\/wp-content\/uploads\/2019\/06\/Alpin-Profile-Breitfas-415-DE.jpg 995w, https:\/\/www.alpin-massivholz.ch\/wp-content\/uploads\/2019\/06\/Alpin-Profile-Breitfas-415-DE-300x31.jpg 300w, https:\/\/www.alpin-massivholz.ch\/wp-content\/uploads\/2019\/06\/Alpin-Profile-Breitfas-415-DE-768x79.jpg 768w, https:\/\/www.alpin-massivholz.ch\/wp-content\/uploads\/2019\/06\/Alpin-Profile-Breitfas-415-DE-600x62.jpg 600w\" sizes=\"auto, (max-width: 995px) 100vw, 995px\" \/><\/figure>\n\n\n\n<p>Vordachschalung wird auf oder unter die Vordachsparren montiert. Das \u00fcbliche Profil ist ein eher schmales Breitfasprofil (4\/15\u00b0), entsprechend f\u00fchren wir dieses auch mit einer weissen Lasierung als Lagerartikel.<\/p>\n\n\n\n<p>Das Steilfas-Profil wurde eigentlich f\u00fcr die Vordachschalung eingef\u00fchrt, weil man den Spalt f\u00fcr Verschmutzungen reduzieren wollte. Nat\u00fcrlich hat man aber damit wieder eher ein Problem mit dem ungleichm\u00e4ssigen Fugenbild.<\/p>\n\n\n\n<figure class=\"wp-block-image\"><img loading=\"lazy\" decoding=\"async\" width=\"1024\" height=\"106\" src=\"https:\/\/www.alpin-massivholz.ch\/wp-content\/uploads\/2019\/06\/Alpin-Profile-Steilfas-DE-1024x106.jpg\" alt=\"\" class=\"wp-image-1899\" srcset=\"https:\/\/www.alpin-massivholz.ch\/wp-content\/uploads\/2019\/06\/Alpin-Profile-Steilfas-DE-1024x106.jpg 1024w, https:\/\/www.alpin-massivholz.ch\/wp-content\/uploads\/2019\/06\/Alpin-Profile-Steilfas-DE-300x31.jpg 300w, https:\/\/www.alpin-massivholz.ch\/wp-content\/uploads\/2019\/06\/Alpin-Profile-Steilfas-DE-768x80.jpg 768w, https:\/\/www.alpin-massivholz.ch\/wp-content\/uploads\/2019\/06\/Alpin-Profile-Steilfas-DE-600x62.jpg 600w\" sizes=\"auto, (max-width: 1024px) 100vw, 1024px\" \/><\/figure>\n\n\n\n<p>Es k\u00f6nnen nach Wunsch f\u00fcr Vord\u00e4cher nat\u00fcrlich auch andere Profile in naturbelassener, lasierter oder ge\u00f6lter Ausf\u00fchrung produziert werden.<\/p>\n\n\n\n<h3 class=\"wp-block-heading\">Profile f\u00fcr Innent\u00e4fer<\/h3>\n\n\n\n<h4 class=\"wp-block-heading\"><strong>T\u00e4fer mit Nuten zur Aufnahme von Dimensions\u00e4nderungen<\/strong><\/h4>\n\n\n\n<figure class=\"wp-block-image\"><img loading=\"lazy\" decoding=\"async\" width=\"1024\" height=\"107\" src=\"https:\/\/www.alpin-massivholz.ch\/wp-content\/uploads\/2019\/06\/Alpin-Profile-Softline-DE-1024x107.jpg\" alt=\"\" class=\"wp-image-1891\" srcset=\"https:\/\/www.alpin-massivholz.ch\/wp-content\/uploads\/2019\/06\/Alpin-Profile-Softline-DE-1024x107.jpg 1024w, https:\/\/www.alpin-massivholz.ch\/wp-content\/uploads\/2019\/06\/Alpin-Profile-Softline-DE-300x31.jpg 300w, https:\/\/www.alpin-massivholz.ch\/wp-content\/uploads\/2019\/06\/Alpin-Profile-Softline-DE-768x80.jpg 768w, https:\/\/www.alpin-massivholz.ch\/wp-content\/uploads\/2019\/06\/Alpin-Profile-Softline-DE-600x63.jpg 600w\" sizes=\"auto, (max-width: 1024px) 100vw, 1024px\" \/><\/figure>\n\n\n\n<p>Diese Standard-Profile f\u00fcr den Innenbereich sind einerseits daf\u00fcr optimiert die Jahreszeitlich bedingten Dimensions\u00e4nderungen (in der Heizperiode) durch Feuchtigkeits\u00e4nderungen aufzunehmen und andererseits durch die geometrische Form die gleichm\u00e4ssige Applikation des Lacks in der Fertigung zu erm\u00f6glichen. <\/p>\n\n\n\n<figure class=\"wp-block-image\"><img loading=\"lazy\" decoding=\"async\" width=\"995\" height=\"102\" src=\"https:\/\/www.alpin-massivholz.ch\/wp-content\/uploads\/2019\/06\/Alpin-Profile-Breitfas-415-DE.jpg\" alt=\"\" class=\"wp-image-1905\" srcset=\"https:\/\/www.alpin-massivholz.ch\/wp-content\/uploads\/2019\/06\/Alpin-Profile-Breitfas-415-DE.jpg 995w, https:\/\/www.alpin-massivholz.ch\/wp-content\/uploads\/2019\/06\/Alpin-Profile-Breitfas-415-DE-300x31.jpg 300w, https:\/\/www.alpin-massivholz.ch\/wp-content\/uploads\/2019\/06\/Alpin-Profile-Breitfas-415-DE-768x79.jpg 768w, https:\/\/www.alpin-massivholz.ch\/wp-content\/uploads\/2019\/06\/Alpin-Profile-Breitfas-415-DE-600x62.jpg 600w\" sizes=\"auto, (max-width: 995px) 100vw, 995px\" \/><\/figure>\n\n\n\n<figure class=\"wp-block-image\"><img loading=\"lazy\" decoding=\"async\" width=\"1024\" height=\"111\" src=\"https:\/\/www.alpin-massivholz.ch\/wp-content\/uploads\/2019\/06\/Alpin-Profile-Breitfas-DE-1-1024x111.jpg\" alt=\"\" class=\"wp-image-1897\" srcset=\"https:\/\/www.alpin-massivholz.ch\/wp-content\/uploads\/2019\/06\/Alpin-Profile-Breitfas-DE-1-1024x111.jpg 1024w, https:\/\/www.alpin-massivholz.ch\/wp-content\/uploads\/2019\/06\/Alpin-Profile-Breitfas-DE-1-300x32.jpg 300w, https:\/\/www.alpin-massivholz.ch\/wp-content\/uploads\/2019\/06\/Alpin-Profile-Breitfas-DE-1-768x83.jpg 768w, https:\/\/www.alpin-massivholz.ch\/wp-content\/uploads\/2019\/06\/Alpin-Profile-Breitfas-DE-1-600x65.jpg 600w\" sizes=\"auto, (max-width: 1024px) 100vw, 1024px\" \/><\/figure>\n\n\n\n<p>Das Profil 4\/15 wird bei 14mm starkem T\u00e4fer verwendet, wenn die Rundungen des Softline optisch nicht den W\u00fcnschen entsprechen.<\/p>\n\n\n\n<h4 class=\"wp-block-heading\"><strong>Fl\u00e4chige, gefaste T\u00e4ferprofile<\/strong><\/h4>\n\n\n\n<figure class=\"wp-block-image\"><img loading=\"lazy\" decoding=\"async\" width=\"1024\" height=\"107\" src=\"https:\/\/www.alpin-massivholz.ch\/wp-content\/uploads\/2019\/06\/Alpin-Profile-Fasprofil-DE-1-1024x107.jpg\" alt=\"\" class=\"wp-image-1895\" srcset=\"https:\/\/www.alpin-massivholz.ch\/wp-content\/uploads\/2019\/06\/Alpin-Profile-Fasprofil-DE-1-1024x107.jpg 1024w, https:\/\/www.alpin-massivholz.ch\/wp-content\/uploads\/2019\/06\/Alpin-Profile-Fasprofil-DE-1-300x31.jpg 300w, https:\/\/www.alpin-massivholz.ch\/wp-content\/uploads\/2019\/06\/Alpin-Profile-Fasprofil-DE-1-768x80.jpg 768w, https:\/\/www.alpin-massivholz.ch\/wp-content\/uploads\/2019\/06\/Alpin-Profile-Fasprofil-DE-1-600x63.jpg 600w\" sizes=\"auto, (max-width: 1024px) 100vw, 1024px\" \/><\/figure>\n\n\n\n<figure class=\"wp-block-image\"><img loading=\"lazy\" decoding=\"async\" width=\"1024\" height=\"106\" src=\"https:\/\/www.alpin-massivholz.ch\/wp-content\/uploads\/2019\/06\/Alpin-Profile-Steilfas-DE-1024x106.jpg\" alt=\"\" class=\"wp-image-1899\" srcset=\"https:\/\/www.alpin-massivholz.ch\/wp-content\/uploads\/2019\/06\/Alpin-Profile-Steilfas-DE-1024x106.jpg 1024w, https:\/\/www.alpin-massivholz.ch\/wp-content\/uploads\/2019\/06\/Alpin-Profile-Steilfas-DE-300x31.jpg 300w, https:\/\/www.alpin-massivholz.ch\/wp-content\/uploads\/2019\/06\/Alpin-Profile-Steilfas-DE-768x80.jpg 768w, https:\/\/www.alpin-massivholz.ch\/wp-content\/uploads\/2019\/06\/Alpin-Profile-Steilfas-DE-600x62.jpg 600w\" sizes=\"auto, (max-width: 1024px) 100vw, 1024px\" \/><\/figure>\n\n\n\n<p>Diese Fastprofile werden auch f\u00fcr Innenanwendungen verwendet. Man muss beachten, dass bei der Montage keine M\u00f6glichkeit besteht durch \u00ab\u00a0ziehen\u00a0\u00bb* Massdifferenzen des Raums auszugleichen und auf ein ausgeglichenes Raumklima besonders zu achten, um die sichtbare Fugenbildung durch Schwinden und Quellen* zu reduzieren.<\/p>\n\n\n\n<h4 class=\"wp-block-heading\"><strong>Akkustik-T\u00e4fer<\/strong><\/h4>\n\n\n\n<figure class=\"wp-block-image\"><img loading=\"lazy\" decoding=\"async\" width=\"1024\" height=\"106\" src=\"https:\/\/www.alpin-massivholz.ch\/wp-content\/uploads\/2019\/06\/Alpin-Profile-Glattkantbrett-DE-1-1024x106.jpg\" alt=\"\" class=\"wp-image-1893\" srcset=\"https:\/\/www.alpin-massivholz.ch\/wp-content\/uploads\/2019\/06\/Alpin-Profile-Glattkantbrett-DE-1-1024x106.jpg 1024w, https:\/\/www.alpin-massivholz.ch\/wp-content\/uploads\/2019\/06\/Alpin-Profile-Glattkantbrett-DE-1-300x31.jpg 300w, https:\/\/www.alpin-massivholz.ch\/wp-content\/uploads\/2019\/06\/Alpin-Profile-Glattkantbrett-DE-1-768x80.jpg 768w, https:\/\/www.alpin-massivholz.ch\/wp-content\/uploads\/2019\/06\/Alpin-Profile-Glattkantbrett-DE-1-600x62.jpg 600w\" sizes=\"auto, (max-width: 1024px) 100vw, 1024px\" \/><\/figure>\n\n\n\n<p>Decken zur Verminderung des Raumschalls werden vielfach aus Glattkant-Profilen hergestellt. Die Montage erfolgt mit Abstand auf einer schwarzen Unterkonstruktion mit unterlegten schwarzen Textil-Unterlagen.<\/p>\n\n\n\n<div class=\"wp-block-image\"><figure class=\"alignleft is-resized\"><img loading=\"lazy\" decoding=\"async\" src=\"https:\/\/www.alpin-massivholz.ch\/wp-content\/uploads\/2019\/06\/Akustik-T\u00e4fer-geschlossen-Raumbild.jpg\" alt=\"\" class=\"wp-image-1903\" width=\"319\" height=\"232\" srcset=\"https:\/\/www.alpin-massivholz.ch\/wp-content\/uploads\/2019\/06\/Akustik-T\u00e4fer-geschlossen-Raumbild.jpg 638w, https:\/\/www.alpin-massivholz.ch\/wp-content\/uploads\/2019\/06\/Akustik-T\u00e4fer-geschlossen-Raumbild-300x218.jpg 300w, https:\/\/www.alpin-massivholz.ch\/wp-content\/uploads\/2019\/06\/Akustik-T\u00e4fer-geschlossen-Raumbild-600x435.jpg 600w\" sizes=\"auto, (max-width: 319px) 100vw, 319px\" \/><\/figure><\/div>\n\n\n\n<p>Spezielle Akkustik-T\u00e4fer sind auch als geschlossene, genutete Profile erh\u00e4ltlich. Mit dieser Variante sind nat\u00fcrlich die Kosten durch den entfallenden Aufwand f\u00fcr die Unterkonstruktion tiefer und die Probleme mit Verschmutzungen in den schwarzen, offenen Fugen entfallen weitgehend.<\/p>\n\n\n\n<p>Innent\u00e4fer wird nicht aus denselben Rohlingen gefertigt wie Produkte f\u00fcr den Aussenbereich. Wir kennen verschiedene Trocknungs-Stufen und halten eigens Rohlinge in Nordischer Fichte, Weisstanne und thermisch modifizierten H\u00f6lzern zur Produktion von T\u00e4fer vorr\u00e4tig.<\/p>\n\n\n\n<p>Informationen zu T\u00e4fer-Produkten finden Sie <a href=\"https:\/\/www.alpin-massivholz.ch\/holzterrassen\/\">hier auf der Seite<\/a>.<\/p>\n\n\n\n<h3 class=\"wp-block-heading\">* Glossar zu den Fachbegriffen<\/h3>\n\n\n\n<ol class=\"wp-block-list\"><li>\u00dcberstand: \u00dcberlappung der vorderen Seite der Nute zur Ausbildung einer Tropfnase und zur Verdeckung der Besfestigungsmittel.<\/li><li>Kamml\u00e4nge: die L\u00e4nge des Kamms wird auf die Brettbreite und damit die zu erwartenden Dimensions\u00e4nderunge infolge Schwinden und Quellen im Jahresverlauf angepasst. In der Regel fertigen wir einen ca. 10mm langen Kamm.<\/li><li>\u00ab\u00a0ziehen\u00a0\u00bb bei der Montage: leichte Massdifferenzen k\u00f6nnen bei Profilen mit einer Schattennute durch auseinanderziehen der einzelnen Fugen aufgefangen werden.<\/li><li>Schwinden und Quellen: Dimensions\u00e4nderungen des hydroskopischen Holzes infolge \u00c4nderung der Umgebungsfeuchte.<\/li><\/ol>\n\n\n\n<p><\/p>\n","protected":false},"excerpt":{"rendered":"<p>\u00dcbersicht \u00fcber die \u00fcblichen Profile und deren Anwendungsgebiete Die Auswahl des Profils richtete sich nach: Der Nutzung (Fassade, T\u00e4fer, Vordach, Bodenbelag, Terrasse) Der gew\u00fcnschten optischen Gestaltung Der zu erwatenden Belastung (Bewitterung, Klima, Nutzung) Der Art Montage (horizontal, vertikal, sichtbar oder verdeckt befestigt) Den Anforderungen f\u00fcr die Behandlung\/Beschichtung (Runde Kanten) Den verf\u00fcgbaren Werkzeugen (Profilfr\u00e4ser f\u00fcr Hobelautomaten) &#8230; <a title=\"Profile von Hobelwaren FR\" class=\"read-more\" href=\"https:\/\/www.alpin-massivholz.ch\/fr\/profile-von-hobelwaren-fr\/\" aria-label=\"En savoir plus sur Profile von Hobelwaren FR\">Read more<\/a><\/p>\n","protected":false},"author":3,"featured_media":1927,"comment_status":"closed","ping_status":"closed","sticky":false,"template":"","format":"standard","meta":{"footnotes":""},"categories":[42],"tags":[],"class_list":["post-9806","post","type-post","status-publish","format-standard","has-post-thumbnail","hentry","category-holzsplitter-fr","infinite-scroll-item"],"_links":{"self":[{"href":"https:\/\/www.alpin-massivholz.ch\/fr\/wp-json\/wp\/v2\/posts\/9806","targetHints":{"allow":["GET"]}}],"collection":[{"href":"https:\/\/www.alpin-massivholz.ch\/fr\/wp-json\/wp\/v2\/posts"}],"about":[{"href":"https:\/\/www.alpin-massivholz.ch\/fr\/wp-json\/wp\/v2\/types\/post"}],"author":[{"embeddable":true,"href":"https:\/\/www.alpin-massivholz.ch\/fr\/wp-json\/wp\/v2\/users\/3"}],"replies":[{"embeddable":true,"href":"https:\/\/www.alpin-massivholz.ch\/fr\/wp-json\/wp\/v2\/comments?post=9806"}],"version-history":[{"count":1,"href":"https:\/\/www.alpin-massivholz.ch\/fr\/wp-json\/wp\/v2\/posts\/9806\/revisions"}],"predecessor-version":[{"id":9807,"href":"https:\/\/www.alpin-massivholz.ch\/fr\/wp-json\/wp\/v2\/posts\/9806\/revisions\/9807"}],"wp:featuredmedia":[{"embeddable":true,"href":"https:\/\/www.alpin-massivholz.ch\/fr\/wp-json\/wp\/v2\/media\/1927"}],"wp:attachment":[{"href":"https:\/\/www.alpin-massivholz.ch\/fr\/wp-json\/wp\/v2\/media?parent=9806"}],"wp:term":[{"taxonomy":"category","embeddable":true,"href":"https:\/\/www.alpin-massivholz.ch\/fr\/wp-json\/wp\/v2\/categories?post=9806"},{"taxonomy":"post_tag","embeddable":true,"href":"https:\/\/www.alpin-massivholz.ch\/fr\/wp-json\/wp\/v2\/tags?post=9806"}],"curies":[{"name":"wp","href":"https:\/\/api.w.org\/{rel}","templated":true}]}}