{"id":9793,"date":"2022-03-04T15:00:35","date_gmt":"2022-03-04T14:00:35","guid":{"rendered":"https:\/\/www.alpin-massivholz.ch\/?p=9793"},"modified":"2022-03-15T11:23:05","modified_gmt":"2022-03-15T10:23:05","slug":"pergola-aus-douglasie-fr","status":"publish","type":"post","link":"https:\/\/www.alpin-massivholz.ch\/fr\/pergola-aus-douglasie-fr\/","title":{"rendered":"Pergola en pin Douglas"},"content":{"rendered":"\n<p>Am\u00e9nagement de la cour int\u00e9rieure du centre communautaire \u00e0 Mattenhof<\/p>\n\n\n\n<p>Constructions de cadres en Douglas indig\u00e8ne, rabot\u00e9, trait\u00e9 avec ALPIN OPERA naturel.<\/p>\n\n\n\n<figure class=\"wp-block-image size-large\"><img loading=\"lazy\" decoding=\"async\" width=\"707\" height=\"351\" src=\"https:\/\/www.alpin-massivholz.ch\/wp-content\/uploads\/2020\/03\/Detail-Rahmen.png\" alt=\"\" class=\"wp-image-7543\" srcset=\"https:\/\/www.alpin-massivholz.ch\/wp-content\/uploads\/2020\/03\/Detail-Rahmen.png 707w, https:\/\/www.alpin-massivholz.ch\/wp-content\/uploads\/2020\/03\/Detail-Rahmen-300x149.png 300w, https:\/\/www.alpin-massivholz.ch\/wp-content\/uploads\/2020\/03\/Detail-Rahmen-600x298.png 600w\" sizes=\"auto, (max-width: 707px) 100vw, 707px\" \/><figcaption>Detail Befestigung mit angeschweissten Laschen<\/figcaption><\/figure>\n\n\n\n<p>Dans la cour int\u00e9rieure du centre communautaire, une pergola a \u00e9t\u00e9 r\u00e9alis\u00e9e, avec de grands cadres en bois sur trois niveaux dans une structure en acier noir.<\/p>\n\n\n\n<div class=\"wp-block-image\"><figure class=\"alignright size-large is-resized\"><img loading=\"lazy\" decoding=\"async\" src=\"https:\/\/www.alpin-massivholz.ch\/wp-content\/uploads\/2020\/03\/Detail-Rahmen-Holz.png\" alt=\"\" class=\"wp-image-7545\" width=\"326\" height=\"146\" srcset=\"https:\/\/www.alpin-massivholz.ch\/wp-content\/uploads\/2020\/03\/Detail-Rahmen-Holz.png 435w, https:\/\/www.alpin-massivholz.ch\/wp-content\/uploads\/2020\/03\/Detail-Rahmen-Holz-300x134.png 300w\" sizes=\"auto, (max-width: 326px) 100vw, 326px\" \/><\/figure><\/div>\n\n\n\n<div class=\"wp-block-group\"><div class=\"wp-block-group__inner-container is-layout-flow wp-block-group-is-layout-flow\">\n<p>Les cadres sont fabriqu\u00e9s \u00e0 partir de planches massives de 6 cm d&rsquo;\u00e9paisseur, des lamelles de planches \u00e0 bords lisses de 5 cm d&rsquo;\u00e9paisseur sont ins\u00e9r\u00e9es en biais et maintenues par des boulons coll\u00e9s.<\/p>\n<\/div><\/div>\n\n\n\n<figure class=\"wp-block-image size-large\"><img loading=\"lazy\" decoding=\"async\" width=\"1024\" height=\"768\" src=\"https:\/\/www.alpin-massivholz.ch\/wp-content\/uploads\/2020\/03\/GZ-Pergola-Douglasie-3.jpg\" alt=\"\" class=\"wp-image-7550\" srcset=\"https:\/\/www.alpin-massivholz.ch\/wp-content\/uploads\/2020\/03\/GZ-Pergola-Douglasie-3.jpg 1024w, https:\/\/www.alpin-massivholz.ch\/wp-content\/uploads\/2020\/03\/GZ-Pergola-Douglasie-3-300x225.jpg 300w, https:\/\/www.alpin-massivholz.ch\/wp-content\/uploads\/2020\/03\/GZ-Pergola-Douglasie-3-768x576.jpg 768w, https:\/\/www.alpin-massivholz.ch\/wp-content\/uploads\/2020\/03\/GZ-Pergola-Douglasie-3-600x450.jpg 600w\" sizes=\"auto, (max-width: 1024px) 100vw, 1024px\" \/><\/figure>\n\n\n\n<p>Nous sommes tr\u00e8s heureux d&rsquo;avoir r\u00e9alis\u00e9 cette belle commande avec M\u00fcller Sohn \u00e0 D\u00e4llikon.<\/p>\n","protected":false},"excerpt":{"rendered":"<p>Am\u00e9nagement de la cour int\u00e9rieure du centre communautaire \u00e0 Mattenhof Constructions de cadres en Douglas indig\u00e8ne, rabot\u00e9, trait\u00e9 avec ALPIN OPERA naturel. Dans la cour int\u00e9rieure du centre communautaire, une pergola a \u00e9t\u00e9 r\u00e9alis\u00e9e, avec de grands cadres en bois sur trois niveaux dans une structure en acier noir. Les cadres sont fabriqu\u00e9s \u00e0 partir &#8230; <a title=\"Pergola en pin Douglas\" class=\"read-more\" href=\"https:\/\/www.alpin-massivholz.ch\/fr\/pergola-aus-douglasie-fr\/\" aria-label=\"En savoir plus sur Pergola en pin Douglas\">Read more<\/a><\/p>\n","protected":false},"author":3,"featured_media":7542,"comment_status":"closed","ping_status":"closed","sticky":false,"template":"","format":"standard","meta":{"footnotes":""},"categories":[86],"tags":[],"class_list":["post-9793","post","type-post","status-publish","format-standard","has-post-thumbnail","hentry","category-tout-en-bois","infinite-scroll-item"],"_links":{"self":[{"href":"https:\/\/www.alpin-massivholz.ch\/fr\/wp-json\/wp\/v2\/posts\/9793","targetHints":{"allow":["GET"]}}],"collection":[{"href":"https:\/\/www.alpin-massivholz.ch\/fr\/wp-json\/wp\/v2\/posts"}],"about":[{"href":"https:\/\/www.alpin-massivholz.ch\/fr\/wp-json\/wp\/v2\/types\/post"}],"author":[{"embeddable":true,"href":"https:\/\/www.alpin-massivholz.ch\/fr\/wp-json\/wp\/v2\/users\/3"}],"replies":[{"embeddable":true,"href":"https:\/\/www.alpin-massivholz.ch\/fr\/wp-json\/wp\/v2\/comments?post=9793"}],"version-history":[{"count":2,"href":"https:\/\/www.alpin-massivholz.ch\/fr\/wp-json\/wp\/v2\/posts\/9793\/revisions"}],"predecessor-version":[{"id":9863,"href":"https:\/\/www.alpin-massivholz.ch\/fr\/wp-json\/wp\/v2\/posts\/9793\/revisions\/9863"}],"wp:featuredmedia":[{"embeddable":true,"href":"https:\/\/www.alpin-massivholz.ch\/fr\/wp-json\/wp\/v2\/media\/7542"}],"wp:attachment":[{"href":"https:\/\/www.alpin-massivholz.ch\/fr\/wp-json\/wp\/v2\/media?parent=9793"}],"wp:term":[{"taxonomy":"category","embeddable":true,"href":"https:\/\/www.alpin-massivholz.ch\/fr\/wp-json\/wp\/v2\/categories?post=9793"},{"taxonomy":"post_tag","embeddable":true,"href":"https:\/\/www.alpin-massivholz.ch\/fr\/wp-json\/wp\/v2\/tags?post=9793"}],"curies":[{"name":"wp","href":"https:\/\/api.w.org\/{rel}","templated":true}]}}