{"id":9784,"date":"2022-03-04T14:57:06","date_gmt":"2022-03-04T13:57:06","guid":{"rendered":"https:\/\/www.alpin-massivholz.ch\/?p=9784"},"modified":"2022-03-04T14:57:08","modified_gmt":"2022-03-04T13:57:08","slug":"burogebaude-stein-fr","status":"publish","type":"post","link":"https:\/\/www.alpin-massivholz.ch\/fr\/burogebaude-stein-fr\/","title":{"rendered":"B\u00fcrogeb\u00e4ude Stein FR"},"content":{"rendered":"\n<p>F\u00fcr ein B\u00fcrogebude wurde eine gewobene Fassadenschalung aus Nordischer Fichte entworfen. Die minaralische Beschichtung mit KEIM Lignosil erm\u00f6glicht eine dauerhafte L\u00f6sung mit lichtechten Pigmenten.<\/p>\n\n\n\n<figure class=\"wp-block-gallery has-nested-images columns-default is-cropped wp-block-gallery-1 is-layout-flex wp-block-gallery-is-layout-flex\">\n<figure class=\"wp-block-image\"><img loading=\"lazy\" decoding=\"async\" width=\"600\" height=\"902\" data-id=\"1553\" src=\"https:\/\/www.alpin-massivholz.ch\/wp-content\/uploads\/2019\/06\/Foto-Referenz-1_2.jpg\" alt=\"\" class=\"wp-image-1553\" srcset=\"https:\/\/www.alpin-massivholz.ch\/wp-content\/uploads\/2019\/06\/Foto-Referenz-1_2.jpg 600w, https:\/\/www.alpin-massivholz.ch\/wp-content\/uploads\/2019\/06\/Foto-Referenz-1_2-200x300.jpg 200w\" sizes=\"auto, (max-width: 600px) 100vw, 600px\" \/><\/figure>\n\n\n\n<figure class=\"wp-block-image\"><img loading=\"lazy\" decoding=\"async\" width=\"600\" height=\"800\" data-id=\"1555\" src=\"https:\/\/www.alpin-massivholz.ch\/wp-content\/uploads\/2019\/06\/016.jpg\" alt=\"\" class=\"wp-image-1555\" srcset=\"https:\/\/www.alpin-massivholz.ch\/wp-content\/uploads\/2019\/06\/016.jpg 600w, https:\/\/www.alpin-massivholz.ch\/wp-content\/uploads\/2019\/06\/016-225x300.jpg 225w\" sizes=\"auto, (max-width: 600px) 100vw, 600px\" \/><\/figure>\n<\/figure>\n\n\n\n<p>Die Fassade besteht aus einzelnen Glattkant-Brettern, die abwechselnd hoch\/tief montiert sind. Die spannenden Moir\u00e9-Effekt, die enstehen sind bei der Begehung vom Parkplatz aus sehr sch\u00f6n auf der grossfl\u00e4chigen, kaum unterbrochenen Fassade des Imposanten Kubus erlebbar. <\/p>\n\n\n\n<div class=\"wp-block-image\"><figure class=\"alignleft is-resized\"><img loading=\"lazy\" decoding=\"async\" src=\"https:\/\/www.alpin-massivholz.ch\/wp-content\/uploads\/2019\/06\/Lignosil-Aufbau.jpg\" alt=\"\" class=\"wp-image-1557\" width=\"313\" height=\"393\" srcset=\"https:\/\/www.alpin-massivholz.ch\/wp-content\/uploads\/2019\/06\/Lignosil-Aufbau.jpg 626w, https:\/\/www.alpin-massivholz.ch\/wp-content\/uploads\/2019\/06\/Lignosil-Aufbau-239x300.jpg 239w, https:\/\/www.alpin-massivholz.ch\/wp-content\/uploads\/2019\/06\/Lignosil-Aufbau-600x752.jpg 600w\" sizes=\"auto, (max-width: 313px) 100vw, 313px\" \/><\/figure><\/div>\n\n\n\n<p>Der vierfache Aufbau der mineralischen Beschichtung besteht aus zwei Grundierungen und zwei Deckschichten. Es wurden weisse und silbergraue Farben verwendet.<\/p>\n\n\n\n<p>Das Objekt, das in Zusammenarbeit mit ERNE AG Holzbau realisiert werden konnte, war eines der ersten gr\u00f6sseren Projekte mit KEIM Lignosil in der Schweiz.<\/p>\n\n\n\n<figure class=\"wp-block-image is-resized\"><img loading=\"lazy\" decoding=\"async\" src=\"https:\/\/www.alpin-massivholz.ch\/wp-content\/uploads\/2019\/06\/Erne-B\u00fcrogeb\u00e4ude-Standort-1024x705.jpg\" alt=\"\" class=\"wp-image-1559\" width=\"512\" height=\"353\" srcset=\"https:\/\/www.alpin-massivholz.ch\/wp-content\/uploads\/2019\/06\/Erne-B\u00fcrogeb\u00e4ude-Standort-1024x705.jpg 1024w, https:\/\/www.alpin-massivholz.ch\/wp-content\/uploads\/2019\/06\/Erne-B\u00fcrogeb\u00e4ude-Standort-300x206.jpg 300w, https:\/\/www.alpin-massivholz.ch\/wp-content\/uploads\/2019\/06\/Erne-B\u00fcrogeb\u00e4ude-Standort-768x529.jpg 768w, https:\/\/www.alpin-massivholz.ch\/wp-content\/uploads\/2019\/06\/Erne-B\u00fcrogeb\u00e4ude-Standort-600x413.jpg 600w, https:\/\/www.alpin-massivholz.ch\/wp-content\/uploads\/2019\/06\/Erne-B\u00fcrogeb\u00e4ude-Standort.jpg 1126w\" sizes=\"auto, (max-width: 512px) 100vw, 512px\" \/><figcaption>Industriequartier Stein an der Autobahn<\/figcaption><\/figure>\n","protected":false},"excerpt":{"rendered":"<p>F\u00fcr ein B\u00fcrogebude wurde eine gewobene Fassadenschalung aus Nordischer Fichte entworfen. Die minaralische Beschichtung mit KEIM Lignosil erm\u00f6glicht eine dauerhafte L\u00f6sung mit lichtechten Pigmenten. Die Fassade besteht aus einzelnen Glattkant-Brettern, die abwechselnd hoch\/tief montiert sind. Die spannenden Moir\u00e9-Effekt, die enstehen sind bei der Begehung vom Parkplatz aus sehr sch\u00f6n auf der grossfl\u00e4chigen, kaum unterbrochenen Fassade &#8230; <a title=\"B\u00fcrogeb\u00e4ude Stein FR\" class=\"read-more\" href=\"https:\/\/www.alpin-massivholz.ch\/fr\/burogebaude-stein-fr\/\" aria-label=\"En savoir plus sur B\u00fcrogeb\u00e4ude Stein FR\">Read more<\/a><\/p>\n","protected":false},"author":3,"featured_media":1552,"comment_status":"closed","ping_status":"closed","sticky":false,"template":"","format":"standard","meta":{"footnotes":""},"categories":[87,83],"tags":[],"class_list":["post-9784","post","type-post","status-publish","format-standard","has-post-thumbnail","hentry","category-impressions-facades","category-references-traitement-mineral","infinite-scroll-item"],"_links":{"self":[{"href":"https:\/\/www.alpin-massivholz.ch\/fr\/wp-json\/wp\/v2\/posts\/9784","targetHints":{"allow":["GET"]}}],"collection":[{"href":"https:\/\/www.alpin-massivholz.ch\/fr\/wp-json\/wp\/v2\/posts"}],"about":[{"href":"https:\/\/www.alpin-massivholz.ch\/fr\/wp-json\/wp\/v2\/types\/post"}],"author":[{"embeddable":true,"href":"https:\/\/www.alpin-massivholz.ch\/fr\/wp-json\/wp\/v2\/users\/3"}],"replies":[{"embeddable":true,"href":"https:\/\/www.alpin-massivholz.ch\/fr\/wp-json\/wp\/v2\/comments?post=9784"}],"version-history":[{"count":1,"href":"https:\/\/www.alpin-massivholz.ch\/fr\/wp-json\/wp\/v2\/posts\/9784\/revisions"}],"predecessor-version":[{"id":9785,"href":"https:\/\/www.alpin-massivholz.ch\/fr\/wp-json\/wp\/v2\/posts\/9784\/revisions\/9785"}],"wp:featuredmedia":[{"embeddable":true,"href":"https:\/\/www.alpin-massivholz.ch\/fr\/wp-json\/wp\/v2\/media\/1552"}],"wp:attachment":[{"href":"https:\/\/www.alpin-massivholz.ch\/fr\/wp-json\/wp\/v2\/media?parent=9784"}],"wp:term":[{"taxonomy":"category","embeddable":true,"href":"https:\/\/www.alpin-massivholz.ch\/fr\/wp-json\/wp\/v2\/categories?post=9784"},{"taxonomy":"post_tag","embeddable":true,"href":"https:\/\/www.alpin-massivholz.ch\/fr\/wp-json\/wp\/v2\/tags?post=9784"}],"curies":[{"name":"wp","href":"https:\/\/api.w.org\/{rel}","templated":true}]}}