{"id":1342,"date":"2019-05-28T10:49:08","date_gmt":"2019-05-28T08:49:08","guid":{"rendered":"http:\/\/dev.alpin-massivholz.ch\/?p=1342"},"modified":"2020-01-24T12:25:24","modified_gmt":"2020-01-24T11:25:24","slug":"meander-isolation","status":"publish","type":"post","link":"https:\/\/www.alpin-massivholz.ch\/fr\/meander-isolation\/","title":{"rendered":"meander Isolation"},"content":{"rendered":"\n<p>Die clevere <strong>Isolation aus Massivholz<\/strong> &#8211; eine Innovation aus bew\u00e4hrtem Material und neuen Ideen.<\/p>\n\n\n\n<figure class=\"wp-block-image is-resized\"><img loading=\"lazy\" decoding=\"async\" src=\"https:\/\/www.alpin-massivholz.ch\/wp-content\/uploads\/2019\/05\/Meander-Logo-1024x368.jpg\" alt=\"\" class=\"wp-image-909\" width=\"256\" height=\"92\" srcset=\"https:\/\/www.alpin-massivholz.ch\/wp-content\/uploads\/2019\/05\/Meander-Logo-1024x368.jpg 1024w, https:\/\/www.alpin-massivholz.ch\/wp-content\/uploads\/2019\/05\/Meander-Logo-300x108.jpg 300w, https:\/\/www.alpin-massivholz.ch\/wp-content\/uploads\/2019\/05\/Meander-Logo-768x276.jpg 768w, https:\/\/www.alpin-massivholz.ch\/wp-content\/uploads\/2019\/05\/Meander-Logo-600x216.jpg 600w, https:\/\/www.alpin-massivholz.ch\/wp-content\/uploads\/2019\/05\/Meander-Logo.jpg 1264w\" sizes=\"auto, (max-width: 256px) 100vw, 256px\" \/><\/figure>\n\n\n\n<p>Eine Schweizer Entwicklung vereinigt dankt modernster Schlitztechnik die W\u00e4rmed\u00e4mmeigenschaften der Luft und die W\u00e4rmespeicherkapazit\u00e4t von Holz. Die <strong>meander iso<\/strong> ist das Spitzenprodukt in der Geb\u00e4uded\u00e4mmung.<\/p>\n\n\n\n<p><strong>meander iso<\/strong> wird aus unbehandeltem Massivholz gefertigt und ist eigentlich ein d\u00e4mmtechnisch verbesserter Vollholzbalken.<\/p>\n\n\n\n<p>Die Elemente sind 26 mm dick und 120 mm breit. In der L\u00e4nge werden sie zusammen gef\u00fcgt und es f\u00e4llt somit eigentlich keinerlei Abfall an. \u00ab\u00a0Abfall\u00a0\u00bb w\u00e4re ja ohnehin das falsche Wort, Holz ist eine Ressource und somit werden s\u00e4mtliche in der Produktion und beim sp\u00e4teren R\u00fcckbau anfallenden Materialien als nat\u00fcrliches Heizmaterial wiederverwertet.<\/p>\n\n\n\n<ul class=\"wp-block-gallery columns-2 is-cropped wp-block-gallery-1 is-layout-flex wp-block-gallery-is-layout-flex\"><li class=\"blocks-gallery-item\"><figure><img loading=\"lazy\" decoding=\"async\" width=\"298\" height=\"676\" src=\"https:\/\/www.alpin-massivholz.ch\/wp-content\/uploads\/2019\/05\/meander-iso-Detail-Standard.jpg\" alt=\"\" data-id=\"990\" class=\"wp-image-990\" srcset=\"https:\/\/www.alpin-massivholz.ch\/wp-content\/uploads\/2019\/05\/meander-iso-Detail-Standard.jpg 298w, https:\/\/www.alpin-massivholz.ch\/wp-content\/uploads\/2019\/05\/meander-iso-Detail-Standard-132x300.jpg 132w\" sizes=\"auto, (max-width: 298px) 100vw, 298px\" \/><\/figure><\/li><li class=\"blocks-gallery-item\"><figure><img loading=\"lazy\" decoding=\"async\" width=\"518\" height=\"908\" src=\"https:\/\/www.alpin-massivholz.ch\/wp-content\/uploads\/2019\/05\/meander-iso-Detail-Varianten-1.jpg\" alt=\"\" data-id=\"996\" data-link=\"https:\/\/www.alpin-massivholz.ch\/meander-isolation\/meander-iso-detail-varianten-1\/#main\" class=\"wp-image-996\" srcset=\"https:\/\/www.alpin-massivholz.ch\/wp-content\/uploads\/2019\/05\/meander-iso-Detail-Varianten-1.jpg 518w, https:\/\/www.alpin-massivholz.ch\/wp-content\/uploads\/2019\/05\/meander-iso-Detail-Varianten-1-171x300.jpg 171w\" sizes=\"auto, (max-width: 518px) 100vw, 518px\" \/><\/figure><\/li><\/ul>\n\n\n\n<div class=\"wp-block-image\"><figure class=\"alignleft is-resized\"><img loading=\"lazy\" decoding=\"async\" src=\"https:\/\/www.alpin-massivholz.ch\/wp-content\/uploads\/2019\/05\/meander-iso-Holznutzung-1.jpg\" alt=\"\" class=\"wp-image-999\" width=\"125\" height=\"104\" srcset=\"https:\/\/www.alpin-massivholz.ch\/wp-content\/uploads\/2019\/05\/meander-iso-Holznutzung-1.jpg 500w, https:\/\/www.alpin-massivholz.ch\/wp-content\/uploads\/2019\/05\/meander-iso-Holznutzung-1-300x249.jpg 300w\" sizes=\"auto, (max-width: 125px) 100vw, 125px\" \/><\/figure><\/div>\n\n\n\n<p>Produziert werden die meander aus so genannter \u00ab\u00a0Seitenware\u00a0\u00bb, d.h. den \u00e4usseren Teilen der Baumst\u00e4mme. Diese Teile sind daf\u00fcr perfekt geeignet und als standardisierte Rohware aus heimischen W\u00e4lder verf\u00fcgbar.<\/p>\n\n\n\n<figure class=\"wp-block-image is-resized\"><img loading=\"lazy\" decoding=\"async\" src=\"https:\/\/www.alpin-massivholz.ch\/wp-content\/uploads\/2019\/05\/schweizerkreuz-produziert.png\" alt=\"\" class=\"wp-image-1258\" width=\"421\" height=\"225\" srcset=\"https:\/\/www.alpin-massivholz.ch\/wp-content\/uploads\/2019\/05\/schweizerkreuz-produziert.png 842w, https:\/\/www.alpin-massivholz.ch\/wp-content\/uploads\/2019\/05\/schweizerkreuz-produziert-300x160.png 300w, https:\/\/www.alpin-massivholz.ch\/wp-content\/uploads\/2019\/05\/schweizerkreuz-produziert-768x410.png 768w, https:\/\/www.alpin-massivholz.ch\/wp-content\/uploads\/2019\/05\/schweizerkreuz-produziert-600x320.png 600w\" sizes=\"auto, (max-width: 421px) 100vw, 421px\" \/><\/figure>\n\n\n\n<div class=\"wp-block-image\"><figure class=\"alignleft\"><img loading=\"lazy\" decoding=\"async\" width=\"320\" height=\"348\" src=\"https:\/\/www.alpin-massivholz.ch\/wp-content\/uploads\/2019\/05\/klima.png\" alt=\"\" class=\"wp-image-932\" srcset=\"https:\/\/www.alpin-massivholz.ch\/wp-content\/uploads\/2019\/05\/klima.png 320w, https:\/\/www.alpin-massivholz.ch\/wp-content\/uploads\/2019\/05\/klima-276x300.png 276w\" sizes=\"auto, (max-width: 320px) 100vw, 320px\" \/><\/figure><\/div>\n\n\n\n<p>Die D\u00e4mmung von W\u00e4nden, Decken und D\u00e4chern ist das Haupteinsatzgebiet dieser D\u00e4mmungs-Elemente. \u00dcber die Vorteile des Klimaausgleichs durch die Feuchteregulierung und die W\u00e4rmespeicherung erfahren sie mehr unter dem Thema meander Elemente oder in unseren technischen Dokumentationen. Fragen sie uns gerne an!<\/p>\n\n\n\n<p><\/p>\n\n\n\n<div class=\"wp-block-image\"><figure class=\"alignleft\"><img loading=\"lazy\" decoding=\"async\" width=\"179\" height=\"523\" src=\"https:\/\/www.alpin-massivholz.ch\/wp-content\/uploads\/2019\/05\/meander-Fenster.jpg\" alt=\"\" class=\"wp-image-934\" srcset=\"https:\/\/www.alpin-massivholz.ch\/wp-content\/uploads\/2019\/05\/meander-Fenster.jpg 179w, https:\/\/www.alpin-massivholz.ch\/wp-content\/uploads\/2019\/05\/meander-Fenster-103x300.jpg 103w\" sizes=\"auto, (max-width: 179px) 100vw, 179px\" \/><\/figure><\/div>\n\n\n\n<p>Anstelle von PU und Styropor-Sch\u00e4umen k\u00f6nnen die geschlitzten D\u00e4mmunen auch als Sandwich-Platten f\u00fcr Fensterrahmen und T\u00fcren oder Tore verwendet werden.<\/p>\n","protected":false},"excerpt":{"rendered":"<p>L&rsquo;isolation intelligente en bois massif &#8211; une innovation prouv\u00e9e \u00e0 partir de mat\u00e9riaux naturels et de nouvelles id\u00e9es. Un d\u00e9veloppement suisse combine les propri\u00e9t\u00e9s d&rsquo;isolation thermique de l&rsquo;air et la capacit\u00e9 de stockage de chaleur du bois gr\u00e2ce \u00e0 la technologie de rainures machin\u00e9es pr\u00e9cis\u00e9ment. Meander ISO est le produit phare de l&rsquo;isolation des b\u00e2timents.<\/p>\n","protected":false},"author":3,"featured_media":908,"comment_status":"closed","ping_status":"closed","sticky":false,"template":"","format":"standard","meta":{"footnotes":""},"categories":[53],"tags":[],"class_list":["post-1342","post","type-post","status-publish","format-standard","has-post-thumbnail","hentry","category-systeme-composantes","infinite-scroll-item"],"_links":{"self":[{"href":"https:\/\/www.alpin-massivholz.ch\/fr\/wp-json\/wp\/v2\/posts\/1342","targetHints":{"allow":["GET"]}}],"collection":[{"href":"https:\/\/www.alpin-massivholz.ch\/fr\/wp-json\/wp\/v2\/posts"}],"about":[{"href":"https:\/\/www.alpin-massivholz.ch\/fr\/wp-json\/wp\/v2\/types\/post"}],"author":[{"embeddable":true,"href":"https:\/\/www.alpin-massivholz.ch\/fr\/wp-json\/wp\/v2\/users\/3"}],"replies":[{"embeddable":true,"href":"https:\/\/www.alpin-massivholz.ch\/fr\/wp-json\/wp\/v2\/comments?post=1342"}],"version-history":[{"count":3,"href":"https:\/\/www.alpin-massivholz.ch\/fr\/wp-json\/wp\/v2\/posts\/1342\/revisions"}],"predecessor-version":[{"id":5849,"href":"https:\/\/www.alpin-massivholz.ch\/fr\/wp-json\/wp\/v2\/posts\/1342\/revisions\/5849"}],"wp:featuredmedia":[{"embeddable":true,"href":"https:\/\/www.alpin-massivholz.ch\/fr\/wp-json\/wp\/v2\/media\/908"}],"wp:attachment":[{"href":"https:\/\/www.alpin-massivholz.ch\/fr\/wp-json\/wp\/v2\/media?parent=1342"}],"wp:term":[{"taxonomy":"category","embeddable":true,"href":"https:\/\/www.alpin-massivholz.ch\/fr\/wp-json\/wp\/v2\/categories?post=1342"},{"taxonomy":"post_tag","embeddable":true,"href":"https:\/\/www.alpin-massivholz.ch\/fr\/wp-json\/wp\/v2\/tags?post=1342"}],"curies":[{"name":"wp","href":"https:\/\/api.w.org\/{rel}","templated":true}]}}