{"id":1330,"date":"2019-05-28T10:01:37","date_gmt":"2019-05-28T08:01:37","guid":{"rendered":"http:\/\/dev.alpin-massivholz.ch\/?p=1330"},"modified":"2020-01-24T12:39:23","modified_gmt":"2020-01-24T11:39:23","slug":"panneaux-escalier","status":"publish","type":"post","link":"https:\/\/www.alpin-massivholz.ch\/fr\/panneaux-escalier\/","title":{"rendered":"Panneaux d&rsquo;escalier"},"content":{"rendered":"\n<ul class=\"wp-block-gallery columns-2 is-cropped wp-block-gallery-1 is-layout-flex wp-block-gallery-is-layout-flex\"><li class=\"blocks-gallery-item\"><figure><img loading=\"lazy\" decoding=\"async\" width=\"480\" height=\"725\" src=\"https:\/\/www.alpin-massivholz.ch\/wp-content\/uploads\/2019\/05\/Treppentritte-1.jpg\" alt=\"\" data-id=\"1133\" class=\"wp-image-1133\" srcset=\"https:\/\/www.alpin-massivholz.ch\/wp-content\/uploads\/2019\/05\/Treppentritte-1.jpg 480w, https:\/\/www.alpin-massivholz.ch\/wp-content\/uploads\/2019\/05\/Treppentritte-1-199x300.jpg 199w\" sizes=\"auto, (max-width: 480px) 100vw, 480px\" \/><figcaption>Ch\u00eane massif huil\u00e9<\/figcaption><\/figure><\/li><li class=\"blocks-gallery-item\"><figure><img loading=\"lazy\" decoding=\"async\" width=\"480\" height=\"725\" src=\"https:\/\/www.alpin-massivholz.ch\/wp-content\/uploads\/2019\/05\/Treppentritte-2.jpg\" alt=\"\" data-id=\"1135\" data-link=\"https:\/\/www.alpin-massivholz.ch\/?attachment_id=1135#main\" class=\"wp-image-1135\" srcset=\"https:\/\/www.alpin-massivholz.ch\/wp-content\/uploads\/2019\/05\/Treppentritte-2.jpg 480w, https:\/\/www.alpin-massivholz.ch\/wp-content\/uploads\/2019\/05\/Treppentritte-2-199x300.jpg 199w\" sizes=\"auto, (max-width: 480px) 100vw, 480px\" \/><figcaption>Marches sur mesure pour escaliers en colima\u00e7on<\/figcaption><\/figure><\/li><\/ul>\n\n\n\n<p><strong>Marche d\u2019escalier selon vos souhaits<\/strong><br>Nous fabriquons des marches d&rsquo;escalier pour des constructions en bois, en m\u00e9tal ou en b\u00e9ton en fonction de vos besoins individuels. Selon les documents de planification, les donn\u00e9es CAO ou les chablons, vous recevrez des marches pr\u00eates au montage avec une qualit\u00e9 de menuiserie.<\/p>\n\n\n\n<p><strong> Marches d&rsquo;escalier &#8211; avec les finitions souhait\u00e9es&nbsp;: <\/strong><\/p>\n\n\n\n<ul class=\"wp-block-list\"><li>Profil\u00e9s antid\u00e9rapants<\/li><li>Machinage pour assemblage avec limon m\u00e9tallique <\/li><li>Fraisage pour consoles<\/li><li>Al\u00e9sages pour raccords boulonn\u00e9s<\/li><li> Limons d&rsquo;escalier et paliers <\/li><\/ul>\n\n\n\n<ul class=\"wp-block-list\"><li><\/li><\/ul>\n\n\n\n<ul class=\"wp-block-gallery columns-2 is-cropped wp-block-gallery-2 is-layout-flex wp-block-gallery-is-layout-flex\"><li class=\"blocks-gallery-item\"><figure><img loading=\"lazy\" decoding=\"async\" width=\"207\" height=\"223\" src=\"https:\/\/www.alpin-massivholz.ch\/wp-content\/uploads\/2019\/05\/Treppe-Winkel.jpg\" alt=\"\" data-id=\"1137\" class=\"wp-image-1137\"\/><\/figure><\/li><li class=\"blocks-gallery-item\"><figure><img loading=\"lazy\" decoding=\"async\" width=\"287\" height=\"236\" src=\"https:\/\/www.alpin-massivholz.ch\/wp-content\/uploads\/2019\/05\/Treppe-offen.jpg\" alt=\"\" data-id=\"1139\" data-link=\"https:\/\/www.alpin-massivholz.ch\/?attachment_id=1139#main\" class=\"wp-image-1139\"\/><\/figure><\/li><\/ul>\n\n\n\n<p><strong>Marches d&rsquo;escalier et parquet d&rsquo;un seul tenant<\/strong><\/p>\n\n\n\n<div class=\"wp-block-image\"><figure class=\"alignleft is-resized\"><img loading=\"lazy\" decoding=\"async\" src=\"https:\/\/www.alpin-massivholz.ch\/wp-content\/uploads\/2019\/05\/ALPIN-UNIQUE-Logo-1-1024x382.jpg\" alt=\"\" class=\"wp-image-1081\" width=\"256\" height=\"96\" srcset=\"https:\/\/www.alpin-massivholz.ch\/wp-content\/uploads\/2019\/05\/ALPIN-UNIQUE-Logo-1-1024x382.jpg 1024w, https:\/\/www.alpin-massivholz.ch\/wp-content\/uploads\/2019\/05\/ALPIN-UNIQUE-Logo-1-300x112.jpg 300w, https:\/\/www.alpin-massivholz.ch\/wp-content\/uploads\/2019\/05\/ALPIN-UNIQUE-Logo-1-768x286.jpg 768w, https:\/\/www.alpin-massivholz.ch\/wp-content\/uploads\/2019\/05\/ALPIN-UNIQUE-Logo-1-600x224.jpg 600w, https:\/\/www.alpin-massivholz.ch\/wp-content\/uploads\/2019\/05\/ALPIN-UNIQUE-Logo-1.jpg 1271w\" sizes=\"auto, (max-width: 256px) 100vw, 256px\" \/><figcaption><a href=\"https:\/\/www.alpin-massivholz.ch\/fr\/parquet-manufacture\/\">https:\/\/www.alpin-massivholz.ch\/fr\/parquet-manufacture\/<\/a><\/figcaption><\/figure><\/div>\n\n\n\n<p>Avec notre fabricant de parquet ALPIN UNIQUE, nous vous offrons la possibilit\u00e9 de produire du parquet et des escaliers avec exactement le m\u00eame bois, la m\u00eame finition et le m\u00eame traitement. Cela signifie que le sol et l&rsquo;escalier ne font qu&rsquo;un. <\/p>\n","protected":false},"excerpt":{"rendered":"<p>Nous pouvons fa\u00e7onner pour vous des marches ainsi que des limons pour des escaliers en bois. Nous taillons les marches pour les m\u00e9langer avec le m\u00e9tal ou le b\u00e9ton. Selon les planifications, vous pouvez recevoir \u00e9galement des marches ou des panneaux bruts.<\/p>\n","protected":false},"author":3,"featured_media":1132,"comment_status":"closed","ping_status":"closed","sticky":false,"template":"","format":"standard","meta":{"footnotes":""},"categories":[41],"tags":[],"class_list":["post-1330","post","type-post","status-publish","format-standard","has-post-thumbnail","hentry","category-panneaux-en-bois","infinite-scroll-item"],"_links":{"self":[{"href":"https:\/\/www.alpin-massivholz.ch\/fr\/wp-json\/wp\/v2\/posts\/1330","targetHints":{"allow":["GET"]}}],"collection":[{"href":"https:\/\/www.alpin-massivholz.ch\/fr\/wp-json\/wp\/v2\/posts"}],"about":[{"href":"https:\/\/www.alpin-massivholz.ch\/fr\/wp-json\/wp\/v2\/types\/post"}],"author":[{"embeddable":true,"href":"https:\/\/www.alpin-massivholz.ch\/fr\/wp-json\/wp\/v2\/users\/3"}],"replies":[{"embeddable":true,"href":"https:\/\/www.alpin-massivholz.ch\/fr\/wp-json\/wp\/v2\/comments?post=1330"}],"version-history":[{"count":5,"href":"https:\/\/www.alpin-massivholz.ch\/fr\/wp-json\/wp\/v2\/posts\/1330\/revisions"}],"predecessor-version":[{"id":5845,"href":"https:\/\/www.alpin-massivholz.ch\/fr\/wp-json\/wp\/v2\/posts\/1330\/revisions\/5845"}],"wp:featuredmedia":[{"embeddable":true,"href":"https:\/\/www.alpin-massivholz.ch\/fr\/wp-json\/wp\/v2\/media\/1132"}],"wp:attachment":[{"href":"https:\/\/www.alpin-massivholz.ch\/fr\/wp-json\/wp\/v2\/media?parent=1330"}],"wp:term":[{"taxonomy":"category","embeddable":true,"href":"https:\/\/www.alpin-massivholz.ch\/fr\/wp-json\/wp\/v2\/categories?post=1330"},{"taxonomy":"post_tag","embeddable":true,"href":"https:\/\/www.alpin-massivholz.ch\/fr\/wp-json\/wp\/v2\/tags?post=1330"}],"curies":[{"name":"wp","href":"https:\/\/api.w.org\/{rel}","templated":true}]}}