{"id":1309,"date":"2019-05-28T09:26:09","date_gmt":"2019-05-28T07:26:09","guid":{"rendered":"http:\/\/dev.alpin-massivholz.ch\/?p=1309"},"modified":"2020-01-24T11:58:28","modified_gmt":"2020-01-24T10:58:28","slug":"lattes","status":"publish","type":"post","link":"https:\/\/www.alpin-massivholz.ch\/fr\/lattes\/","title":{"rendered":"Lattes"},"content":{"rendered":"\n<p><strong>Latte about\u00e9es en \u00e9pic\u00e9a<\/strong><\/p>\n\n\n\n<figure class=\"wp-block-image is-resized\"><img loading=\"lazy\" decoding=\"async\" src=\"https:\/\/www.alpin-massivholz.ch\/wp-content\/uploads\/2019\/05\/KZ-Latten.jpg\" alt=\"\" class=\"wp-image-689\" width=\"400\" height=\"185\" srcset=\"https:\/\/www.alpin-massivholz.ch\/wp-content\/uploads\/2019\/05\/KZ-Latten.jpg 800w, https:\/\/www.alpin-massivholz.ch\/wp-content\/uploads\/2019\/05\/KZ-Latten-300x139.jpg 300w, https:\/\/www.alpin-massivholz.ch\/wp-content\/uploads\/2019\/05\/KZ-Latten-768x355.jpg 768w, https:\/\/www.alpin-massivholz.ch\/wp-content\/uploads\/2019\/05\/KZ-Latten-600x278.jpg 600w\" sizes=\"auto, (max-width: 400px) 100vw, 400px\" \/><\/figure>\n\n\n\n<ul class=\"wp-block-list\"><li>Lattes de construction s\u00e9ch\u00e9es au four, rabot\u00e9es \/ \u00e9galis\u00e9es, empaquet\u00e9es<\/li><li>Produits de qualit\u00e9 issus de la production r\u00e9gionale <\/li><\/ul>\n\n\n\n<figure class=\"wp-block-image\"><img loading=\"lazy\" decoding=\"async\" width=\"440\" height=\"307\" src=\"https:\/\/www.alpin-massivholz.ch\/wp-content\/uploads\/2019\/05\/KV-Latten-5m-Dim.png\" alt=\"\" class=\"wp-image-691\" srcset=\"https:\/\/www.alpin-massivholz.ch\/wp-content\/uploads\/2019\/05\/KV-Latten-5m-Dim.png 440w, https:\/\/www.alpin-massivholz.ch\/wp-content\/uploads\/2019\/05\/KV-Latten-5m-Dim-300x209.png 300w\" sizes=\"auto, (max-width: 440px) 100vw, 440px\" \/><\/figure>\n\n\n\n<p><strong>Lattes de fa\u00e7ade trait\u00e9es en noir<\/strong><\/p>\n\n\n\n<p><strong>Des lattes noires pour la sous-construction de fa\u00e7ades ajour\u00e9es sont disponibles dans notre stock, \u00e0 Turgi.<\/strong><\/p>\n\n\n\n<p>La peinture noire est un produit r\u00e9sistant aux intemp\u00e9ries d\u00e9velopp\u00e9 par les fabricants de rev\u00eatements de fa\u00e7ades bois. <\/p>\n\n\n\n<ul class=\"wp-block-gallery columns-2 is-cropped wp-block-gallery-1 is-layout-flex wp-block-gallery-is-layout-flex\"><li class=\"blocks-gallery-item\"><figure><img loading=\"lazy\" decoding=\"async\" width=\"949\" height=\"703\" src=\"https:\/\/www.alpin-massivholz.ch\/wp-content\/uploads\/2019\/05\/Latten-Schwarz-Bund.jpg\" alt=\"\" data-id=\"695\" data-link=\"https:\/\/www.alpin-massivholz.ch\/?attachment_id=695#main\" class=\"wp-image-695\" srcset=\"https:\/\/www.alpin-massivholz.ch\/wp-content\/uploads\/2019\/05\/Latten-Schwarz-Bund.jpg 949w, https:\/\/www.alpin-massivholz.ch\/wp-content\/uploads\/2019\/05\/Latten-Schwarz-Bund-300x222.jpg 300w, https:\/\/www.alpin-massivholz.ch\/wp-content\/uploads\/2019\/05\/Latten-Schwarz-Bund-768x569.jpg 768w, https:\/\/www.alpin-massivholz.ch\/wp-content\/uploads\/2019\/05\/Latten-Schwarz-Bund-600x444.jpg 600w\" sizes=\"auto, (max-width: 949px) 100vw, 949px\" \/><figcaption> <br>Lattes en \u00e9pic\u00e9a du Nord 30 \/ 57mm, rabot\u00e9es 4 faces, peintes avec RAL 9004.<\/figcaption><\/figure><\/li><li class=\"blocks-gallery-item\"><figure><img loading=\"lazy\" decoding=\"async\" width=\"966\" height=\"671\" src=\"https:\/\/www.alpin-massivholz.ch\/wp-content\/uploads\/2019\/05\/offene-Schalung-schwarze-Latten-1.jpg\" alt=\"\" data-id=\"697\" data-link=\"https:\/\/www.alpin-massivholz.ch\/?attachment_id=697#main\" class=\"wp-image-697\" srcset=\"https:\/\/www.alpin-massivholz.ch\/wp-content\/uploads\/2019\/05\/offene-Schalung-schwarze-Latten-1.jpg 966w, https:\/\/www.alpin-massivholz.ch\/wp-content\/uploads\/2019\/05\/offene-Schalung-schwarze-Latten-1-300x208.jpg 300w, https:\/\/www.alpin-massivholz.ch\/wp-content\/uploads\/2019\/05\/offene-Schalung-schwarze-Latten-1-768x533.jpg 768w, https:\/\/www.alpin-massivholz.ch\/wp-content\/uploads\/2019\/05\/offene-Schalung-schwarze-Latten-1-600x417.jpg 600w\" sizes=\"auto, (max-width: 966px) 100vw, 966px\" \/><\/figure><\/li><\/ul>\n\n\n\n<p><strong>Lattes \u00e9pic\u00e9a \/ sapin blanc brut de scie<\/strong><\/p>\n\n\n\n<p><strong>De la production nationale (bois suisse) disponible en paquets:<\/strong><\/p>\n\n\n\n<ul class=\"wp-block-list\"><li>Lattes \u00e0 tuiles 24\/48mm et 30\/50mm<\/li><li>Contre-latte 45\/50mm<\/li><li>Carrelets divers 40\/60mm, 60\/60mm et 60\/80mm<\/li><\/ul>\n\n\n\n<figure class=\"wp-block-image is-resized\"><img loading=\"lazy\" decoding=\"async\" src=\"https:\/\/www.alpin-massivholz.ch\/wp-content\/uploads\/2019\/05\/Latten-Paket.jpg\" alt=\"\" class=\"wp-image-699\" width=\"300\" height=\"285\" srcset=\"https:\/\/www.alpin-massivholz.ch\/wp-content\/uploads\/2019\/05\/Latten-Paket.jpg 600w, https:\/\/www.alpin-massivholz.ch\/wp-content\/uploads\/2019\/05\/Latten-Paket-300x285.jpg 300w\" sizes=\"auto, (max-width: 300px) 100vw, 300px\" \/><\/figure>\n\n\n\n<p><strong>Latte fabriqu\u00e9es selon les demandes des clients<\/strong><\/p>\n\n\n\n<p><strong>Nous pouvons produire des lattes dans les \u00e9paisseurs 24, 40, 50 et 60 mm d\u00e9bit\u00e9es \u00e0 partir de planches brutes parall\u00e8les seches \u00e0 l\u2019air de notre stock. Sur demande, les lattes sont \u00e9galement rabot\u00e9es.<\/strong><\/p>\n\n\n\n<figure class=\"wp-block-image is-resized\"><img loading=\"lazy\" decoding=\"async\" src=\"https:\/\/www.alpin-massivholz.ch\/wp-content\/uploads\/2019\/05\/Baum-zu-Latten.jpg\" alt=\"\" class=\"wp-image-701\" width=\"400\" height=\"267\" srcset=\"https:\/\/www.alpin-massivholz.ch\/wp-content\/uploads\/2019\/05\/Baum-zu-Latten.jpg 800w, https:\/\/www.alpin-massivholz.ch\/wp-content\/uploads\/2019\/05\/Baum-zu-Latten-300x200.jpg 300w, https:\/\/www.alpin-massivholz.ch\/wp-content\/uploads\/2019\/05\/Baum-zu-Latten-768x512.jpg 768w, https:\/\/www.alpin-massivholz.ch\/wp-content\/uploads\/2019\/05\/Baum-zu-Latten-600x400.jpg 600w\" sizes=\"auto, (max-width: 400px) 100vw, 400px\" \/><\/figure>\n\n\n\n<figure class=\"wp-block-image is-resized\"><img loading=\"lazy\" decoding=\"async\" src=\"https:\/\/www.alpin-massivholz.ch\/wp-content\/uploads\/2019\/05\/S\u00e4gerei.jpg\" alt=\"\" class=\"wp-image-703\" width=\"400\" height=\"213\" srcset=\"https:\/\/www.alpin-massivholz.ch\/wp-content\/uploads\/2019\/05\/S\u00e4gerei.jpg 800w, https:\/\/www.alpin-massivholz.ch\/wp-content\/uploads\/2019\/05\/S\u00e4gerei-300x160.jpg 300w, https:\/\/www.alpin-massivholz.ch\/wp-content\/uploads\/2019\/05\/S\u00e4gerei-768x409.jpg 768w, https:\/\/www.alpin-massivholz.ch\/wp-content\/uploads\/2019\/05\/S\u00e4gerei-600x320.jpg 600w\" sizes=\"auto, (max-width: 400px) 100vw, 400px\" \/><\/figure>\n","protected":false},"excerpt":{"rendered":"<p>Les lattes about\u00e9es pour la construction sont des produits de qualit\u00e9 issus de la production r\u00e9gionale. Nous avons \u00e9galement en stock des lattes de fa\u00e7ade enduites en noir pour la sous-construction de fa\u00e7ades ajour\u00e9es. Nous pouvons produire et livrer rapidement des lattes non-about\u00e9es de 24, 40, 50 et 60 mm avec les largeurs souhait\u00e9es \u00e0 partir de produits stock\u00e9s et sec \u00e0 l&rsquo;air.<\/p>\n","protected":false},"author":3,"featured_media":688,"comment_status":"closed","ping_status":"closed","sticky":false,"template":"","format":"standard","meta":{"footnotes":""},"categories":[37],"tags":[],"class_list":["post-1309","post","type-post","status-publish","format-standard","has-post-thumbnail","hentry","category-bois-de-construction","infinite-scroll-item"],"_links":{"self":[{"href":"https:\/\/www.alpin-massivholz.ch\/fr\/wp-json\/wp\/v2\/posts\/1309","targetHints":{"allow":["GET"]}}],"collection":[{"href":"https:\/\/www.alpin-massivholz.ch\/fr\/wp-json\/wp\/v2\/posts"}],"about":[{"href":"https:\/\/www.alpin-massivholz.ch\/fr\/wp-json\/wp\/v2\/types\/post"}],"author":[{"embeddable":true,"href":"https:\/\/www.alpin-massivholz.ch\/fr\/wp-json\/wp\/v2\/users\/3"}],"replies":[{"embeddable":true,"href":"https:\/\/www.alpin-massivholz.ch\/fr\/wp-json\/wp\/v2\/comments?post=1309"}],"version-history":[{"count":5,"href":"https:\/\/www.alpin-massivholz.ch\/fr\/wp-json\/wp\/v2\/posts\/1309\/revisions"}],"predecessor-version":[{"id":5837,"href":"https:\/\/www.alpin-massivholz.ch\/fr\/wp-json\/wp\/v2\/posts\/1309\/revisions\/5837"}],"wp:featuredmedia":[{"embeddable":true,"href":"https:\/\/www.alpin-massivholz.ch\/fr\/wp-json\/wp\/v2\/media\/688"}],"wp:attachment":[{"href":"https:\/\/www.alpin-massivholz.ch\/fr\/wp-json\/wp\/v2\/media?parent=1309"}],"wp:term":[{"taxonomy":"category","embeddable":true,"href":"https:\/\/www.alpin-massivholz.ch\/fr\/wp-json\/wp\/v2\/categories?post=1309"},{"taxonomy":"post_tag","embeddable":true,"href":"https:\/\/www.alpin-massivholz.ch\/fr\/wp-json\/wp\/v2\/tags?post=1309"}],"curies":[{"name":"wp","href":"https:\/\/api.w.org\/{rel}","templated":true}]}}