{"id":1250,"date":"2019-05-27T14:38:35","date_gmt":"2019-05-27T12:38:35","guid":{"rendered":"http:\/\/dev.alpin-massivholz.ch\/?p=1250"},"modified":"2020-01-24T10:38:45","modified_gmt":"2020-01-24T09:38:45","slug":"lambris-avant-toit","status":"publish","type":"post","link":"https:\/\/www.alpin-massivholz.ch\/fr\/lambris-avant-toit\/","title":{"rendered":"Lambris d&rsquo;avant-toit"},"content":{"rendered":"\n<p>Le lambris d\u2019avant-toit peut \u00eatre mont\u00e9 sur le dessus ou le dessous des\nchevrons. Il est g\u00e9n\u00e9ralement pos\u00e9 sur le pourtour de la maison (pignon\/ch\u00e9neau).<\/p>\n\n\n\n<figure class=\"wp-block-image\"><img loading=\"lazy\" decoding=\"async\" width=\"1024\" height=\"768\" src=\"https:\/\/www.alpin-massivholz.ch\/wp-content\/uploads\/2019\/05\/Zielstr.-Regensdorf-Hafner-Alberswil-1024x768.jpg\" alt=\"\" class=\"wp-image-412\" srcset=\"https:\/\/www.alpin-massivholz.ch\/wp-content\/uploads\/2019\/05\/Zielstr.-Regensdorf-Hafner-Alberswil-1024x768.jpg 1024w, https:\/\/www.alpin-massivholz.ch\/wp-content\/uploads\/2019\/05\/Zielstr.-Regensdorf-Hafner-Alberswil-300x225.jpg 300w, https:\/\/www.alpin-massivholz.ch\/wp-content\/uploads\/2019\/05\/Zielstr.-Regensdorf-Hafner-Alberswil-768x576.jpg 768w, https:\/\/www.alpin-massivholz.ch\/wp-content\/uploads\/2019\/05\/Zielstr.-Regensdorf-Hafner-Alberswil-600x450.jpg 600w, https:\/\/www.alpin-massivholz.ch\/wp-content\/uploads\/2019\/05\/Zielstr.-Regensdorf-Hafner-Alberswil.jpg 1600w\" sizes=\"auto, (max-width: 1024px) 100vw, 1024px\" \/><\/figure>\n\n\n\n<p>Le lambris d\u2019avant-toit est sp\u00e9cialement produit pour une utilisation en ext\u00e9rieur. Il ne s&rsquo;agit pas simplement d&rsquo;un lambris mont\u00e9 sur chevrons.<\/p>\n\n\n\n<p>Le lambris\nd\u2019avant-toit a un taux d&rsquo;humidit\u00e9 adapt\u00e9 \u00e0 l&rsquo;air ext\u00e9rieur et un traitement de\nsurface correspondant aux exigences. Nous avons\nles bons produits dans notre gamme !<\/p>\n\n\n\n<p><strong>Le lambris d\u2019avant-toit ALPIN<\/strong><\/p>\n\n\n\n<p>Le lambris d\u2019avant-toit blanc, qui a fait ses preuves depuis de nombreuses ann\u00e9es, est disponible de stock.<\/p>\n\n\n\n<div class=\"wp-block-image\"><figure class=\"aligncenter\"><img loading=\"lazy\" decoding=\"async\" width=\"1024\" height=\"677\" src=\"https:\/\/www.alpin-massivholz.ch\/wp-content\/uploads\/2019\/05\/VordachWeiss-txt-1024x677.jpg\" alt=\"\" class=\"wp-image-416\" srcset=\"https:\/\/www.alpin-massivholz.ch\/wp-content\/uploads\/2019\/05\/VordachWeiss-txt-1024x677.jpg 1024w, https:\/\/www.alpin-massivholz.ch\/wp-content\/uploads\/2019\/05\/VordachWeiss-txt-300x198.jpg 300w, https:\/\/www.alpin-massivholz.ch\/wp-content\/uploads\/2019\/05\/VordachWeiss-txt-768x508.jpg 768w, https:\/\/www.alpin-massivholz.ch\/wp-content\/uploads\/2019\/05\/VordachWeiss-txt-600x397.jpg 600w\" sizes=\"auto, (max-width: 1024px) 100vw, 1024px\" \/><figcaption>Lambris d\u2019avant-toit ALPIN profil \u00e0 joint ouvert 4\/15\u00b0 finition a.i.22<\/figcaption><\/figure><\/div>\n\n\n\n<figure class=\"wp-block-image is-resized\"><img loading=\"lazy\" decoding=\"async\" src=\"https:\/\/www.alpin-massivholz.ch\/wp-content\/uploads\/2019\/05\/Alpin-Profile-Breitfas-4-15-DE-1024x115.jpg\" alt=\"\" class=\"wp-image-414\" width=\"512\" height=\"58\" srcset=\"https:\/\/www.alpin-massivholz.ch\/wp-content\/uploads\/2019\/05\/Alpin-Profile-Breitfas-4-15-DE-1024x115.jpg 1024w, https:\/\/www.alpin-massivholz.ch\/wp-content\/uploads\/2019\/05\/Alpin-Profile-Breitfas-4-15-DE-300x34.jpg 300w, https:\/\/www.alpin-massivholz.ch\/wp-content\/uploads\/2019\/05\/Alpin-Profile-Breitfas-4-15-DE-768x86.jpg 768w, https:\/\/www.alpin-massivholz.ch\/wp-content\/uploads\/2019\/05\/Alpin-Profile-Breitfas-4-15-DE-600x67.jpg 600w, https:\/\/www.alpin-massivholz.ch\/wp-content\/uploads\/2019\/05\/Alpin-Profile-Breitfas-4-15-DE.jpg 1312w\" sizes=\"auto, (max-width: 512px) 100vw, 512px\" \/><\/figure>\n","protected":false},"excerpt":{"rendered":"<p>Les lambris d\u2019avant-toit pour la construction de garage ou autres constructions ext\u00e9rieurs sont sp\u00e9cialement fabriqu\u00e9s pour ces applications. Les surfaces ALPIN faiblement salissantes sont synonymes de qualit\u00e9 sup\u00e9rieure.<\/p>\n","protected":false},"author":3,"featured_media":411,"comment_status":"closed","ping_status":"closed","sticky":false,"template":"","format":"standard","meta":{"footnotes":""},"categories":[39],"tags":[],"class_list":["post-1250","post","type-post","status-publish","format-standard","has-post-thumbnail","hentry","category-le-bois-a-lexterieur","infinite-scroll-item"],"_links":{"self":[{"href":"https:\/\/www.alpin-massivholz.ch\/fr\/wp-json\/wp\/v2\/posts\/1250","targetHints":{"allow":["GET"]}}],"collection":[{"href":"https:\/\/www.alpin-massivholz.ch\/fr\/wp-json\/wp\/v2\/posts"}],"about":[{"href":"https:\/\/www.alpin-massivholz.ch\/fr\/wp-json\/wp\/v2\/types\/post"}],"author":[{"embeddable":true,"href":"https:\/\/www.alpin-massivholz.ch\/fr\/wp-json\/wp\/v2\/users\/3"}],"replies":[{"embeddable":true,"href":"https:\/\/www.alpin-massivholz.ch\/fr\/wp-json\/wp\/v2\/comments?post=1250"}],"version-history":[{"count":5,"href":"https:\/\/www.alpin-massivholz.ch\/fr\/wp-json\/wp\/v2\/posts\/1250\/revisions"}],"predecessor-version":[{"id":5824,"href":"https:\/\/www.alpin-massivholz.ch\/fr\/wp-json\/wp\/v2\/posts\/1250\/revisions\/5824"}],"wp:featuredmedia":[{"embeddable":true,"href":"https:\/\/www.alpin-massivholz.ch\/fr\/wp-json\/wp\/v2\/media\/411"}],"wp:attachment":[{"href":"https:\/\/www.alpin-massivholz.ch\/fr\/wp-json\/wp\/v2\/media?parent=1250"}],"wp:term":[{"taxonomy":"category","embeddable":true,"href":"https:\/\/www.alpin-massivholz.ch\/fr\/wp-json\/wp\/v2\/categories?post=1250"},{"taxonomy":"post_tag","embeddable":true,"href":"https:\/\/www.alpin-massivholz.ch\/fr\/wp-json\/wp\/v2\/tags?post=1250"}],"curies":[{"name":"wp","href":"https:\/\/api.w.org\/{rel}","templated":true}]}}